{"id":4223,"date":"2026-03-11T19:53:10","date_gmt":"2026-03-11T17:53:10","guid":{"rendered":"https:\/\/alejandrodelasota.org\/?p=4223"},"modified":"2026-03-11T19:55:55","modified_gmt":"2026-03-11T17:55:55","slug":"otro-edificio-de-alejandro-de-la-sota-avanza-hacia-su-proteccion-como-bic","status":"publish","type":"post","link":"https:\/\/alejandrodelasota.org\/en\/otro-edificio-de-alejandro-de-la-sota-avanza-hacia-su-proteccion-como-bic\/","title":{"rendered":"OTRO EDIFICIO DE ALEJANDRO DE LA SOTA AVANZA HACIA SU PROTECCI\u00d3N COMO BIC"},"content":{"rendered":"<p>Desde la Fundaci\u00f3n, recibimos con satisfacci\u00f3n la noticia de que el Ministerio de Cultura tramita el expediente para declarar Bien de Inter\u00e9s Cultural los Talleres Aeron\u00e1uticos de Barajas (TABSA), proyectados en 1957. Esta obra de car\u00e1cter industrial, situada en el entorno del aeropuerto de Madrid, destaca por su estructura met\u00e1lica exterior y por la claridad constructiva con la que responde a las necesidades t\u00e9cnicas del lugar. El propio expediente de protecci\u00f3n la define como un \u00ab<em>ejemplo excepcional del patrimonio industrial de Espa\u00f1a<\/em>\u00bb.<\/p>\n<p>Cabe destacar, que la iniciativa para su declaraci\u00f3n como monumento no ha partido de las administraciones culturales, sino de un grupo de trabajadores de Aena y Enaire, un gesto que demuestra c\u00f3mo el reconocimiento y la defensa del patrimonio arquitect\u00f3nico tambi\u00e9n nace del compromiso de quienes conviven diariamente con estas obras.<\/p>\n<p>De confirmarse, esta obra se convertir\u00eda en el tercer BIC de Alejandro de la Sota en Madrid, junto al Gimnasio del Colegio Maravillas y la F\u00e1brica Clesa, cuya protecci\u00f3n fue adem\u00e1s fruto de una intensa movilizaci\u00f3n social para evitar su demolici\u00f3n.<\/p>\n<p>Para quienes trabajamos en la Fundaci\u00f3n, cada avance en la protecci\u00f3n del patrimonio es una noticia esperanzadora. Muchas de las obras construidas durante el movimiento moderno espa\u00f1ol \u2014a pesar de su enorme valor cultural, t\u00e9cnico y social\u2014 no siempre han sido reconocidas con la atenci\u00f3n que merecen. Su conservaci\u00f3n exige un esfuerzo constante de sensibilizaci\u00f3n, investigaci\u00f3n y defensa p\u00fablica.<\/p>\n<p>Seguiremos trabajando para que este legado, y el de tantos arquitectos del movimiento moderno espa\u00f1ol, sea cada vez m\u00e1s conocido, valorado y protegido. Velar por estas obras es tambi\u00e9n cuidar una parte fundamental de nuestra cultura arquitect\u00f3nica.<\/p>\n<p>\u00b7 Conoce m\u00e1s <a href=\"https:\/\/archivo.alejandrodelasota.org\/es\/original\/project\/313\">sobre el proyecto<\/a>. <\/p>\n<p><img loading=\"lazy\" src=\"https:\/\/alejandrodelasota.org\/wp-content\/uploads\/2026\/03\/57_d_fo_c_3_lg-1024x768.jpg\" alt=\"\" width=\"1024\" height=\"768\" class=\"aligncenter size-large wp-image-4224\" srcset=\"https:\/\/alejandrodelasota.org\/wp-content\/uploads\/2026\/03\/57_d_fo_c_3_lg-1024x768.jpg 1024w, https:\/\/alejandrodelasota.org\/wp-content\/uploads\/2026\/03\/57_d_fo_c_3_lg-300x225.jpg 300w, https:\/\/alejandrodelasota.org\/wp-content\/uploads\/2026\/03\/57_d_fo_c_3_lg-768x576.jpg 768w, https:\/\/alejandrodelasota.org\/wp-content\/uploads\/2026\/03\/57_d_fo_c_3_lg.jpg 1350w\" sizes=\"(max-width: 1024px) 100vw, 1024px\" \/><\/p>\n<p><img loading=\"lazy\" src=\"https:\/\/alejandrodelasota.org\/wp-content\/uploads\/2026\/03\/57_d_fo_fi_1_lg-1024x752.jpg\" alt=\"\" width=\"1024\" height=\"752\" class=\"aligncenter size-large wp-image-4225\" srcset=\"https:\/\/alejandrodelasota.org\/wp-content\/uploads\/2026\/03\/57_d_fo_fi_1_lg-1024x752.jpg 1024w, https:\/\/alejandrodelasota.org\/wp-content\/uploads\/2026\/03\/57_d_fo_fi_1_lg-300x220.jpg 300w, https:\/\/alejandrodelasota.org\/wp-content\/uploads\/2026\/03\/57_d_fo_fi_1_lg-768x564.jpg 768w, https:\/\/alejandrodelasota.org\/wp-content\/uploads\/2026\/03\/57_d_fo_fi_1_lg.jpg 1350w\" sizes=\"(max-width: 1024px) 100vw, 1024px\" \/><\/p>\n<p><img loading=\"lazy\" src=\"https:\/\/alejandrodelasota.org\/wp-content\/uploads\/2026\/03\/57_D_FOFE_3_lg-1024x683.jpg\" alt=\"\" width=\"1024\" height=\"683\" class=\"aligncenter size-large wp-image-4226\" srcset=\"https:\/\/alejandrodelasota.org\/wp-content\/uploads\/2026\/03\/57_D_FOFE_3_lg-1024x683.jpg 1024w, https:\/\/alejandrodelasota.org\/wp-content\/uploads\/2026\/03\/57_D_FOFE_3_lg-300x200.jpg 300w, https:\/\/alejandrodelasota.org\/wp-content\/uploads\/2026\/03\/57_D_FOFE_3_lg-768x512.jpg 768w, https:\/\/alejandrodelasota.org\/wp-content\/uploads\/2026\/03\/57_D_FOFE_3_lg.jpg 1350w\" sizes=\"(max-width: 1024px) 100vw, 1024px\" \/><br \/>\n<\/p>","protected":false},"excerpt":{"rendered":"<p>Desde la Fundaci\u00f3n, recibimos con satisfacci\u00f3n la noticia de que el Ministerio de Cultura tramita el expediente para declarar Bien de Inter\u00e9s Cultural los Talleres Aeron\u00e1uticos de Barajas (TABSA), proyectados en 1957. Esta obra de car\u00e1cter industrial, situada en el entorno del aeropuerto de Madrid, destaca por su estructura met\u00e1lica exterior y por la claridad [&hellip;]<\/p>\n","protected":false},"author":1,"featured_media":4224,"comment_status":"open","ping_status":"open","sticky":false,"template":"","format":"standard","meta":[],"categories":[1,59],"tags":[],"_links":{"self":[{"href":"https:\/\/alejandrodelasota.org\/en\/wp-json\/wp\/v2\/posts\/4223"}],"collection":[{"href":"https:\/\/alejandrodelasota.org\/en\/wp-json\/wp\/v2\/posts"}],"about":[{"href":"https:\/\/alejandrodelasota.org\/en\/wp-json\/wp\/v2\/types\/post"}],"author":[{"embeddable":true,"href":"https:\/\/alejandrodelasota.org\/en\/wp-json\/wp\/v2\/users\/1"}],"replies":[{"embeddable":true,"href":"https:\/\/alejandrodelasota.org\/en\/wp-json\/wp\/v2\/comments?post=4223"}],"version-history":[{"count":2,"href":"https:\/\/alejandrodelasota.org\/en\/wp-json\/wp\/v2\/posts\/4223\/revisions"}],"predecessor-version":[{"id":4228,"href":"https:\/\/alejandrodelasota.org\/en\/wp-json\/wp\/v2\/posts\/4223\/revisions\/4228"}],"wp:featuredmedia":[{"embeddable":true,"href":"https:\/\/alejandrodelasota.org\/en\/wp-json\/wp\/v2\/media\/4224"}],"wp:attachment":[{"href":"https:\/\/alejandrodelasota.org\/en\/wp-json\/wp\/v2\/media?parent=4223"}],"wp:term":[{"taxonomy":"category","embeddable":true,"href":"https:\/\/alejandrodelasota.org\/en\/wp-json\/wp\/v2\/categories?post=4223"},{"taxonomy":"post_tag","embeddable":true,"href":"https:\/\/alejandrodelasota.org\/en\/wp-json\/wp\/v2\/tags?post=4223"}],"curies":[{"name":"wp","href":"https:\/\/api.w.org\/{rel}","templated":true}]}}