{"id":4185,"date":"2026-01-21T10:36:21","date_gmt":"2026-01-21T08:36:21","guid":{"rendered":"https:\/\/alejandrodelasota.org\/?p=4185"},"modified":"2026-01-21T10:36:21","modified_gmt":"2026-01-21T08:36:21","slug":"tecnica-social-juan-herreros-en-la-fundacion","status":"publish","type":"post","link":"https:\/\/alejandrodelasota.org\/en\/tecnica-social-juan-herreros-en-la-fundacion\/","title":{"rendered":"\u00abT\u00c9CNICA SOCIAL\u00bb, JUAN HERREROS EN LA FUNDACI\u00d3N"},"content":{"rendered":"<p>El pasado mes de octubre tuvimos el placer de recibir en la Fundaci\u00f3n al arquitecto Juan Herreros, quien comparti\u00f3 con nosotros una charla titulada \u00abT\u00e9cnica Social\u00bb. Las plazas fueron limitadas, pero grabamos la ponencia para compartirla ahora con todos vosotros. La idea y organizaci\u00f3n fueron de Thermochip, a quienes agradecemos su constante implicaci\u00f3n en este tipo de acciones, que ayudan a difundir la buena arquitectura y el pensamiento cr\u00edtico que la acompa\u00f1a.<\/p>\n<p>Durante su intervenci\u00f3n, Juan Herreros nos habl\u00f3 de un momento revelador en su trayectoria docente: darse cuenta de que estaba ense\u00f1ando arquitectura a estudiantes que ser\u00edan arquitectos profundamente distintos a \u00e9l. Y, sin embargo, su responsabilidad segu\u00eda siendo la misma: transmitir tensiones, intereses, ilusiones y posiciones \u00e9ticas y cr\u00edticas que permanecieran v\u00e1lidas m\u00e1s all\u00e1 de los cambios inevitables de la disciplina.<\/p>\n<p>La charla fue tambi\u00e9n una reflexi\u00f3n honesta sobre lo apasionante y complejo de ser arquitecto, sobre un oficio que se construye desde muchos frentes y que exige una mirada amplia, sensible y comprometida. Una profesi\u00f3n completa, que no se agota en la t\u00e9cnica ni en la forma.<\/p>\n<p>Juan Herreros dej\u00f3 una profunda huella al hablar del impacto real de la arquitectura en los centros sociales, record\u00e1ndonos que los espacios que proyectamos influyen directamente en la vida de las personas y en la manera en que se relacionan. Desde ah\u00ed, defendi\u00f3 una arquitectura pensada entre lo pragm\u00e1tico y lo po\u00e9tico, capaz de responder a lo concreto sin renunciar a la emoci\u00f3n.<\/p>\n<p>Desde la Fundaci\u00f3n Alejandro de la Sota, seguimos trabajando para trasladar lo apasionante de esta profesi\u00f3n y el impacto que tiene en la sociedad, dos valores que siempre nos han movido y que gu\u00edan nuestras actividades.<\/p>\n<p>\u00b7 V\u00cdDEO: <a href=\"https:\/\/youtu.be\/TOVkqNLP5Yc\" rel=\"noopener\" target=\"_blank\">https:\/\/youtu.be\/TOVkqNLP5Yc <\/a><\/p>\n<p><img loading=\"lazy\" src=\"https:\/\/alejandrodelasota.org\/wp-content\/uploads\/2026\/01\/Miniatura-YT2-1024x576.jpg\" alt=\"\" width=\"1024\" height=\"576\" class=\"aligncenter size-large wp-image-4186\" srcset=\"https:\/\/alejandrodelasota.org\/wp-content\/uploads\/2026\/01\/Miniatura-YT2-1024x576.jpg 1024w, https:\/\/alejandrodelasota.org\/wp-content\/uploads\/2026\/01\/Miniatura-YT2-300x169.jpg 300w, https:\/\/alejandrodelasota.org\/wp-content\/uploads\/2026\/01\/Miniatura-YT2-768x432.jpg 768w, https:\/\/alejandrodelasota.org\/wp-content\/uploads\/2026\/01\/Miniatura-YT2.jpg 1280w\" sizes=\"(max-width: 1024px) 100vw, 1024px\" \/><br \/>\n<\/p>","protected":false},"excerpt":{"rendered":"<p>El pasado mes de octubre tuvimos el placer de recibir en la Fundaci\u00f3n al arquitecto Juan Herreros, quien comparti\u00f3 con nosotros una charla titulada \u00abT\u00e9cnica Social\u00bb. Las plazas fueron limitadas, pero grabamos la ponencia para compartirla ahora con todos vosotros. La idea y organizaci\u00f3n fueron de Thermochip, a quienes agradecemos su constante implicaci\u00f3n en este [&hellip;]<\/p>\n","protected":false},"author":1,"featured_media":4186,"comment_status":"open","ping_status":"open","sticky":false,"template":"","format":"standard","meta":[],"categories":[7],"tags":[],"_links":{"self":[{"href":"https:\/\/alejandrodelasota.org\/en\/wp-json\/wp\/v2\/posts\/4185"}],"collection":[{"href":"https:\/\/alejandrodelasota.org\/en\/wp-json\/wp\/v2\/posts"}],"about":[{"href":"https:\/\/alejandrodelasota.org\/en\/wp-json\/wp\/v2\/types\/post"}],"author":[{"embeddable":true,"href":"https:\/\/alejandrodelasota.org\/en\/wp-json\/wp\/v2\/users\/1"}],"replies":[{"embeddable":true,"href":"https:\/\/alejandrodelasota.org\/en\/wp-json\/wp\/v2\/comments?post=4185"}],"version-history":[{"count":1,"href":"https:\/\/alejandrodelasota.org\/en\/wp-json\/wp\/v2\/posts\/4185\/revisions"}],"predecessor-version":[{"id":4187,"href":"https:\/\/alejandrodelasota.org\/en\/wp-json\/wp\/v2\/posts\/4185\/revisions\/4187"}],"wp:featuredmedia":[{"embeddable":true,"href":"https:\/\/alejandrodelasota.org\/en\/wp-json\/wp\/v2\/media\/4186"}],"wp:attachment":[{"href":"https:\/\/alejandrodelasota.org\/en\/wp-json\/wp\/v2\/media?parent=4185"}],"wp:term":[{"taxonomy":"category","embeddable":true,"href":"https:\/\/alejandrodelasota.org\/en\/wp-json\/wp\/v2\/categories?post=4185"},{"taxonomy":"post_tag","embeddable":true,"href":"https:\/\/alejandrodelasota.org\/en\/wp-json\/wp\/v2\/tags?post=4185"}],"curies":[{"name":"wp","href":"https:\/\/api.w.org\/{rel}","templated":true}]}}