{"id":4179,"date":"2026-01-15T11:47:03","date_gmt":"2026-01-15T09:47:03","guid":{"rendered":"https:\/\/alejandrodelasota.org\/?p=4179"},"modified":"2026-01-15T11:55:13","modified_gmt":"2026-01-15T09:55:13","slug":"un-calendario-para-pensar-la-arquitectura","status":"publish","type":"post","link":"https:\/\/alejandrodelasota.org\/en\/un-calendario-para-pensar-la-arquitectura\/","title":{"rendered":"UN CALENDARIO PARA PENSAR LA ARQUITECTURA"},"content":{"rendered":"<p>Hace seis a\u00f1os iniciamos una peque\u00f1a tradici\u00f3n que nos acompa\u00f1a en este nuevo ciclo: la de obsequiar a nuestros amigos y seguidores con un calendario. Un objeto sencillo, pensado para estar presente en las rutinas diarias, donde se re\u00fanen croquis, fotograf\u00edas de maquetas, planos y citas de Alejandro de la Sota.<\/p>\n<p>El calendario de este a\u00f1o est\u00e1 dedicado a proyectos no construidos. Propuestas que, aunque no llegaron a materializarse, nacieron con la voluntad de resolver problemas reales y de explorar ideas, sistemas y conceptos que siguen siendo vigentes. Porque en ellos, quiz\u00e1 m\u00e1s que en ning\u00fan otro lugar, se revela con claridad el pensamiento del arquitecto.<\/p>\n<p>La cita que acompa\u00f1a la portada resume a la perfecci\u00f3n este esp\u00edritu:<br \/>\n\u00ab<em>La arquitectura es un problema mental y como tal debe ser planteado y resuelto<\/em>\u00bb.<\/p>\n<p>Con este calendario queremos seguir compartiendo esa mirada pausada y reflexiva que nos ense\u00f1\u00f3 don Alejandro. Un recordatorio cotidiano de que no existe proyecto peque\u00f1o, aunque no se construya. <\/p>\n<p>\u00b7 El calendario puede descargarse <a href=\"https:\/\/alejandrodelasota.org\/wp-content\/uploads\/2026\/01\/CALENDARIO-2026-v08-B.pdf\">desde este enlace<\/a> y est\u00e1 listo para imprimirse.<\/p>\n<p><img loading=\"lazy\" src=\"https:\/\/alejandrodelasota.org\/wp-content\/uploads\/2026\/01\/Portada-calendario-1024x593.jpg\" alt=\"\" width=\"1024\" height=\"593\" class=\"aligncenter size-large wp-image-4181\" srcset=\"https:\/\/alejandrodelasota.org\/wp-content\/uploads\/2026\/01\/Portada-calendario-1024x593.jpg 1024w, https:\/\/alejandrodelasota.org\/wp-content\/uploads\/2026\/01\/Portada-calendario-300x174.jpg 300w, https:\/\/alejandrodelasota.org\/wp-content\/uploads\/2026\/01\/Portada-calendario-768x445.jpg 768w, https:\/\/alejandrodelasota.org\/wp-content\/uploads\/2026\/01\/Portada-calendario-1536x890.jpg 1536w, https:\/\/alejandrodelasota.org\/wp-content\/uploads\/2026\/01\/Portada-calendario-940x545.jpg 940w, https:\/\/alejandrodelasota.org\/wp-content\/uploads\/2026\/01\/Portada-calendario.jpg 1564w\" sizes=\"(max-width: 1024px) 100vw, 1024px\" \/><\/p>\n","protected":false},"excerpt":{"rendered":"<p>Hace seis a\u00f1os iniciamos una peque\u00f1a tradici\u00f3n que nos acompa\u00f1a en este nuevo ciclo: la de obsequiar a nuestros amigos y seguidores con un calendario. Un objeto sencillo, pensado para estar presente en las rutinas diarias, donde se re\u00fanen croquis, fotograf\u00edas de maquetas, planos y citas de Alejandro de la Sota. El calendario de este [&hellip;]<\/p>\n","protected":false},"author":1,"featured_media":4181,"comment_status":"open","ping_status":"open","sticky":false,"template":"","format":"standard","meta":[],"categories":[7,1],"tags":[],"_links":{"self":[{"href":"https:\/\/alejandrodelasota.org\/en\/wp-json\/wp\/v2\/posts\/4179"}],"collection":[{"href":"https:\/\/alejandrodelasota.org\/en\/wp-json\/wp\/v2\/posts"}],"about":[{"href":"https:\/\/alejandrodelasota.org\/en\/wp-json\/wp\/v2\/types\/post"}],"author":[{"embeddable":true,"href":"https:\/\/alejandrodelasota.org\/en\/wp-json\/wp\/v2\/users\/1"}],"replies":[{"embeddable":true,"href":"https:\/\/alejandrodelasota.org\/en\/wp-json\/wp\/v2\/comments?post=4179"}],"version-history":[{"count":2,"href":"https:\/\/alejandrodelasota.org\/en\/wp-json\/wp\/v2\/posts\/4179\/revisions"}],"predecessor-version":[{"id":4183,"href":"https:\/\/alejandrodelasota.org\/en\/wp-json\/wp\/v2\/posts\/4179\/revisions\/4183"}],"wp:featuredmedia":[{"embeddable":true,"href":"https:\/\/alejandrodelasota.org\/en\/wp-json\/wp\/v2\/media\/4181"}],"wp:attachment":[{"href":"https:\/\/alejandrodelasota.org\/en\/wp-json\/wp\/v2\/media?parent=4179"}],"wp:term":[{"taxonomy":"category","embeddable":true,"href":"https:\/\/alejandrodelasota.org\/en\/wp-json\/wp\/v2\/categories?post=4179"},{"taxonomy":"post_tag","embeddable":true,"href":"https:\/\/alejandrodelasota.org\/en\/wp-json\/wp\/v2\/tags?post=4179"}],"curies":[{"name":"wp","href":"https:\/\/api.w.org\/{rel}","templated":true}]}}