{"id":4160,"date":"2025-12-11T14:14:22","date_gmt":"2025-12-11T12:14:22","guid":{"rendered":"https:\/\/alejandrodelasota.org\/?p=4160"},"modified":"2025-12-12T14:45:10","modified_gmt":"2025-12-12T12:45:10","slug":"la-arquitectura-debe-ser-pensada","status":"publish","type":"post","link":"https:\/\/alejandrodelasota.org\/en\/la-arquitectura-debe-ser-pensada\/","title":{"rendered":"LA ARQUITECTURA DEBE SER PENSADA ANTES DE SALIR AL EXTERIOR"},"content":{"rendered":"<p>Hace casi cinco a\u00f1os compartimos en nuestro canal de YouTube un v\u00eddeo muy especial: una conversaci\u00f3n entre Alejandro de la Sota y Josep Llin\u00e0s, grabada en 1985. A pesar del tiempo transcurrido, sus palabras siguen conservando una lucidez extraordinaria, record\u00e1ndonos la esencia m\u00e1s profunda de nuestra disciplina.<\/p>\n<p>En un momento de la charla, Alejandro de la Sota expresaba una idea que hoy resuena con m\u00e1s fuerza que nunca:<\/p>\n<p>\u00ab<em>La arquitectura debe ser pensada. Antes de salir al exterior, casi debes de saberla toda. Como terminada<\/em>\u00bb.<\/p>\n<p>En esta afirmaci\u00f3n late su manera de entender la arquitectura: un ejercicio que nace dentro, que se trabaja primero en la reflexi\u00f3n y en la mirada, y que solo despu\u00e9s encuentra su forma en el mundo. Don Alejandro siempre fue un admirador de la innovaci\u00f3n y la tecnolog\u00eda y aun as\u00ed nos invit\u00f3 a no perder esa sensibilidad art\u00edstica y humanista con la que se forma un arquitecto, incluso en un tiempo marcado por la inmediatez, la t\u00e9cnica y la herramienta digital.<\/p>\n<p>Hoy, m\u00e1s que nunca, conviene recordar que la profesi\u00f3n solo podr\u00e1 mantenerse fiel a s\u00ed misma si el acercamiento hacia la tecnolog\u00eda se hace desde el pensamiento, para alcanzar un criterio propio; a partir de esa experiencia interior que analiza, cuestiona y entiende el porqu\u00e9 de las cosas.<\/p>\n<p>No renunciemos nunca a la cr\u00edtica, a la duda, ni a la capacidad de detenernos para mirar hacia dentro. La tecnolog\u00eda es necesaria, pero jam\u00e1s ser\u00e1 suficiente.<\/p>\n<p>\u00b7 V\u00eddeo: <a href=\"https:\/\/youtu.be\/lBoy0EL1qP8\" rel=\"noopener\" target=\"_blank\">https:\/\/youtu.be\/lBoy0EL1qP8 \u2003<\/a><\/p>\n<p><img loading=\"lazy\" src=\"https:\/\/alejandrodelasota.org\/wp-content\/uploads\/2025\/12\/ALEJANDRO-DE-LA-SOTA-25-Anos-1024x1024.png\" alt=\"\" width=\"1024\" height=\"1024\" class=\"aligncenter size-large wp-image-4161\" srcset=\"https:\/\/alejandrodelasota.org\/wp-content\/uploads\/2025\/12\/ALEJANDRO-DE-LA-SOTA-25-Anos-1024x1024.png 1024w, https:\/\/alejandrodelasota.org\/wp-content\/uploads\/2025\/12\/ALEJANDRO-DE-LA-SOTA-25-Anos-300x300.png 300w, https:\/\/alejandrodelasota.org\/wp-content\/uploads\/2025\/12\/ALEJANDRO-DE-LA-SOTA-25-Anos-150x150.png 150w, https:\/\/alejandrodelasota.org\/wp-content\/uploads\/2025\/12\/ALEJANDRO-DE-LA-SOTA-25-Anos-768x768.png 768w, https:\/\/alejandrodelasota.org\/wp-content\/uploads\/2025\/12\/ALEJANDRO-DE-LA-SOTA-25-Anos.png 1080w\" sizes=\"(max-width: 1024px) 100vw, 1024px\" \/><br \/>\n<\/p>","protected":false},"excerpt":{"rendered":"<p>Hace casi cinco a\u00f1os compartimos en nuestro canal de YouTube un v\u00eddeo muy especial: una conversaci\u00f3n entre Alejandro de la Sota y Josep Llin\u00e0s, grabada en 1985. A pesar del tiempo transcurrido, sus palabras siguen conservando una lucidez extraordinaria, record\u00e1ndonos la esencia m\u00e1s profunda de nuestra disciplina. En un momento de la charla, Alejandro de [&hellip;]<\/p>\n","protected":false},"author":1,"featured_media":4161,"comment_status":"open","ping_status":"open","sticky":false,"template":"","format":"standard","meta":[],"categories":[1],"tags":[],"_links":{"self":[{"href":"https:\/\/alejandrodelasota.org\/en\/wp-json\/wp\/v2\/posts\/4160"}],"collection":[{"href":"https:\/\/alejandrodelasota.org\/en\/wp-json\/wp\/v2\/posts"}],"about":[{"href":"https:\/\/alejandrodelasota.org\/en\/wp-json\/wp\/v2\/types\/post"}],"author":[{"embeddable":true,"href":"https:\/\/alejandrodelasota.org\/en\/wp-json\/wp\/v2\/users\/1"}],"replies":[{"embeddable":true,"href":"https:\/\/alejandrodelasota.org\/en\/wp-json\/wp\/v2\/comments?post=4160"}],"version-history":[{"count":2,"href":"https:\/\/alejandrodelasota.org\/en\/wp-json\/wp\/v2\/posts\/4160\/revisions"}],"predecessor-version":[{"id":4163,"href":"https:\/\/alejandrodelasota.org\/en\/wp-json\/wp\/v2\/posts\/4160\/revisions\/4163"}],"wp:featuredmedia":[{"embeddable":true,"href":"https:\/\/alejandrodelasota.org\/en\/wp-json\/wp\/v2\/media\/4161"}],"wp:attachment":[{"href":"https:\/\/alejandrodelasota.org\/en\/wp-json\/wp\/v2\/media?parent=4160"}],"wp:term":[{"taxonomy":"category","embeddable":true,"href":"https:\/\/alejandrodelasota.org\/en\/wp-json\/wp\/v2\/categories?post=4160"},{"taxonomy":"post_tag","embeddable":true,"href":"https:\/\/alejandrodelasota.org\/en\/wp-json\/wp\/v2\/tags?post=4160"}],"curies":[{"name":"wp","href":"https:\/\/api.w.org\/{rel}","templated":true}]}}