{"id":4142,"date":"2025-10-23T10:56:59","date_gmt":"2025-10-23T08:56:59","guid":{"rendered":"https:\/\/alejandrodelasota.org\/?p=4142"},"modified":"2025-10-23T10:56:59","modified_gmt":"2025-10-23T08:56:59","slug":"charla-de-juan-herreros-en-la-fundacion","status":"publish","type":"post","link":"https:\/\/alejandrodelasota.org\/en\/charla-de-juan-herreros-en-la-fundacion\/","title":{"rendered":"CHARLA DE JUAN HERREROS EN LA FUNDACI\u00d3N"},"content":{"rendered":"<p>Tenemos el placer de anunciaros que el jueves 30 de octubre, a las 18:30 h, celebraremos en la Fundaci\u00f3n Alejandro de la Sota una charla impartida por el arquitecto Juan Herreros llamada \u00abT\u00e9cnica Social\u00bb.<\/p>\n<p>Doctor Arquitecto y Catedr\u00e1tico de Proyectos de la ETSAM, Juan Herreros es una de las figuras m\u00e1s reconocidas de la arquitectura espa\u00f1ola contempor\u00e1nea. Su trabajo, ampliamente difundido a nivel internacional, combina innovaci\u00f3n y sensibilidad, con una constante atenci\u00f3n hacia el contexto y el compromiso social de la profesi\u00f3n.<br \/>\nLas plazas ser\u00e1n limitadas y solo disponemos de diez invitaciones, que se asignar\u00e1n a las primeras personas que se inscriban enviando un correo a info@alejandrodelasota.org.<\/p>\n<p>La ponencia ha sido promovida una vez m\u00e1s por Thermochip, a quienes queremos agradecer sinceramente su implicaci\u00f3n, entusiasmo y apoyo continuo en la difusi\u00f3n de la buena arquitectura y los valores que defendemos desde la Fundaci\u00f3n.<\/p>\n<p>Os esperamos para compartir una tarde de reflexi\u00f3n y aprendizaje en torno a la arquitectura entendida desde la experiencia, la \u00e9tica y el pensamiento.<\/p>\n<p><img loading=\"lazy\" src=\"https:\/\/alejandrodelasota.org\/wp-content\/uploads\/2025\/10\/Charla-Juan-Herreros-3.jpg\" alt=\"\" width=\"842\" height=\"751\" class=\"aligncenter size-full wp-image-4143\" srcset=\"https:\/\/alejandrodelasota.org\/wp-content\/uploads\/2025\/10\/Charla-Juan-Herreros-3.jpg 842w, https:\/\/alejandrodelasota.org\/wp-content\/uploads\/2025\/10\/Charla-Juan-Herreros-3-300x268.jpg 300w, https:\/\/alejandrodelasota.org\/wp-content\/uploads\/2025\/10\/Charla-Juan-Herreros-3-768x685.jpg 768w\" sizes=\"(max-width: 842px) 100vw, 842px\" \/><\/p>\n","protected":false},"excerpt":{"rendered":"<p>Tenemos el placer de anunciaros que el jueves 30 de octubre, a las 18:30 h, celebraremos en la Fundaci\u00f3n Alejandro de la Sota una charla impartida por el arquitecto Juan Herreros llamada \u00abT\u00e9cnica Social\u00bb. Doctor Arquitecto y Catedr\u00e1tico de Proyectos de la ETSAM, Juan Herreros es una de las figuras m\u00e1s reconocidas de la arquitectura [&hellip;]<\/p>\n","protected":false},"author":1,"featured_media":4143,"comment_status":"open","ping_status":"open","sticky":false,"template":"","format":"standard","meta":[],"categories":[7,1],"tags":[],"_links":{"self":[{"href":"https:\/\/alejandrodelasota.org\/en\/wp-json\/wp\/v2\/posts\/4142"}],"collection":[{"href":"https:\/\/alejandrodelasota.org\/en\/wp-json\/wp\/v2\/posts"}],"about":[{"href":"https:\/\/alejandrodelasota.org\/en\/wp-json\/wp\/v2\/types\/post"}],"author":[{"embeddable":true,"href":"https:\/\/alejandrodelasota.org\/en\/wp-json\/wp\/v2\/users\/1"}],"replies":[{"embeddable":true,"href":"https:\/\/alejandrodelasota.org\/en\/wp-json\/wp\/v2\/comments?post=4142"}],"version-history":[{"count":1,"href":"https:\/\/alejandrodelasota.org\/en\/wp-json\/wp\/v2\/posts\/4142\/revisions"}],"predecessor-version":[{"id":4144,"href":"https:\/\/alejandrodelasota.org\/en\/wp-json\/wp\/v2\/posts\/4142\/revisions\/4144"}],"wp:featuredmedia":[{"embeddable":true,"href":"https:\/\/alejandrodelasota.org\/en\/wp-json\/wp\/v2\/media\/4143"}],"wp:attachment":[{"href":"https:\/\/alejandrodelasota.org\/en\/wp-json\/wp\/v2\/media?parent=4142"}],"wp:term":[{"taxonomy":"category","embeddable":true,"href":"https:\/\/alejandrodelasota.org\/en\/wp-json\/wp\/v2\/categories?post=4142"},{"taxonomy":"post_tag","embeddable":true,"href":"https:\/\/alejandrodelasota.org\/en\/wp-json\/wp\/v2\/tags?post=4142"}],"curies":[{"name":"wp","href":"https:\/\/api.w.org\/{rel}","templated":true}]}}