{"id":4068,"date":"2025-05-12T13:37:08","date_gmt":"2025-05-12T11:37:08","guid":{"rendered":"https:\/\/alejandrodelasota.org\/?p=4068"},"modified":"2025-05-14T10:11:39","modified_gmt":"2025-05-14T08:11:39","slug":"sobre-el-valor-de-ser-arquitecto","status":"publish","type":"post","link":"https:\/\/alejandrodelasota.org\/en\/sobre-el-valor-de-ser-arquitecto\/","title":{"rendered":"SOBRE EL VALOR DE SER ARQUITECTO"},"content":{"rendered":"<p>A veces, las palabras sencillas iluminan con m\u00e1s potencia que los discursos grandilocuentes. Peridis, hace m\u00e1s de nueve a\u00f1os, <a href=\"https:\/\/youtu.be\/LejBk9Q-5Xs\" rel=\"noopener\" target=\"_blank\">nos regal\u00f3<\/a> una imagen inolvidable dedicada a las nuevas generaciones: \u00ab<em>De la Sota es como una bombilla en la entrada de un pueblo. No deslumbra, pero se ve desde lejos<\/em>\u00bb. Y eso es exactamente lo que deber\u00eda ser la arquitectura.<\/p>\n<p>En tiempos de modas que se agotan en la portada de una revista, de formas pensadas para la fotograf\u00eda y no para las personas, Peridis nos record\u00f3 que ser arquitecto no es dise\u00f1ar para el ego, sino construir para los dem\u00e1s. Con sentido com\u00fan. Con materiales que hablan del lugar. Porque lo sencillo no es lo f\u00e1cil. Lo sencillo es sabio. Y lo sabio es, casi siempre, humilde.<\/p>\n<p>Alejandro de la Sota trabaj\u00f3 as\u00ed. Dio m\u00e1s de lo que le pidieron, pero no en exceso decorativo, sino en valor. Si le ped\u00edan un gimnasio, entregaba un gimnasio; pero tambi\u00e9n un patio y aulas donde los ni\u00f1os pudieran volar. Lo hac\u00eda con esa abundancia tan rara: la de la sensibilidad, la de la l\u00f3gica, la de la claridad sin ruido.<\/p>\n<p>Ser arquitecto deber\u00eda ser eso: ser \u00fatil, ser generoso, ser invisible si hace falta. Como esa bombilla solitaria en la entrada del pueblo. Que no impone, pero gu\u00eda. Y que, aunque solo tenga 40 vatios, se ve desde muy lejos.<\/p>\n<p>Desde la Fundaci\u00f3n queremos agradecer, una vez m\u00e1s, a Peridis tanto su mensaje como su cari\u00f1o, as\u00ed como destacar la importancia de su actitud en estos momentos de reflexi\u00f3n sobre la profesi\u00f3n, tan maravillosa e importante para la vida de la sociedad. En la fotograf\u00eda, junto a Alejandro de la Sota Rius, Peridis y Teresa Couceiro se encuentra Javier Nadal, en aquel momento presidente de la Asociaci\u00f3n Espa\u00f1ola de Fundaciones.<\/p>\n<p>\u00b7 Escucha a Peridis: <a href=\"https:\/\/youtu.be\/LejBk9Q-5Xs\" rel=\"noopener\" target=\"_blank\">https:\/\/youtu.be\/LejBk9Q-5Xs<\/a> <\/p>\n<p><img loading=\"lazy\" src=\"https:\/\/alejandrodelasota.org\/wp-content\/uploads\/2025\/05\/WhatsApp-Image-2025-05-12-at-13.29.37-1024x768.jpeg\" alt=\"\" width=\"1024\" height=\"768\" class=\"aligncenter size-large wp-image-4069\" srcset=\"https:\/\/alejandrodelasota.org\/wp-content\/uploads\/2025\/05\/WhatsApp-Image-2025-05-12-at-13.29.37-1024x768.jpeg 1024w, https:\/\/alejandrodelasota.org\/wp-content\/uploads\/2025\/05\/WhatsApp-Image-2025-05-12-at-13.29.37-300x225.jpeg 300w, https:\/\/alejandrodelasota.org\/wp-content\/uploads\/2025\/05\/WhatsApp-Image-2025-05-12-at-13.29.37-768x576.jpeg 768w, https:\/\/alejandrodelasota.org\/wp-content\/uploads\/2025\/05\/WhatsApp-Image-2025-05-12-at-13.29.37-1536x1152.jpeg 1536w, https:\/\/alejandrodelasota.org\/wp-content\/uploads\/2025\/05\/WhatsApp-Image-2025-05-12-at-13.29.37.jpeg 1600w\" sizes=\"(max-width: 1024px) 100vw, 1024px\" \/><\/p>\n","protected":false},"excerpt":{"rendered":"<p>A veces, las palabras sencillas iluminan con m\u00e1s potencia que los discursos grandilocuentes. Peridis, hace m\u00e1s de nueve a\u00f1os, nos regal\u00f3 una imagen inolvidable dedicada a las nuevas generaciones: \u00abDe la Sota es como una bombilla en la entrada de un pueblo. No deslumbra, pero se ve desde lejos\u00bb. Y eso es exactamente lo que [&hellip;]<\/p>\n","protected":false},"author":1,"featured_media":4069,"comment_status":"open","ping_status":"open","sticky":false,"template":"","format":"standard","meta":[],"categories":[1],"tags":[],"_links":{"self":[{"href":"https:\/\/alejandrodelasota.org\/en\/wp-json\/wp\/v2\/posts\/4068"}],"collection":[{"href":"https:\/\/alejandrodelasota.org\/en\/wp-json\/wp\/v2\/posts"}],"about":[{"href":"https:\/\/alejandrodelasota.org\/en\/wp-json\/wp\/v2\/types\/post"}],"author":[{"embeddable":true,"href":"https:\/\/alejandrodelasota.org\/en\/wp-json\/wp\/v2\/users\/1"}],"replies":[{"embeddable":true,"href":"https:\/\/alejandrodelasota.org\/en\/wp-json\/wp\/v2\/comments?post=4068"}],"version-history":[{"count":4,"href":"https:\/\/alejandrodelasota.org\/en\/wp-json\/wp\/v2\/posts\/4068\/revisions"}],"predecessor-version":[{"id":4073,"href":"https:\/\/alejandrodelasota.org\/en\/wp-json\/wp\/v2\/posts\/4068\/revisions\/4073"}],"wp:featuredmedia":[{"embeddable":true,"href":"https:\/\/alejandrodelasota.org\/en\/wp-json\/wp\/v2\/media\/4069"}],"wp:attachment":[{"href":"https:\/\/alejandrodelasota.org\/en\/wp-json\/wp\/v2\/media?parent=4068"}],"wp:term":[{"taxonomy":"category","embeddable":true,"href":"https:\/\/alejandrodelasota.org\/en\/wp-json\/wp\/v2\/categories?post=4068"},{"taxonomy":"post_tag","embeddable":true,"href":"https:\/\/alejandrodelasota.org\/en\/wp-json\/wp\/v2\/tags?post=4068"}],"curies":[{"name":"wp","href":"https:\/\/api.w.org\/{rel}","templated":true}]}}