{"id":4062,"date":"2025-04-25T13:32:56","date_gmt":"2025-04-25T11:32:56","guid":{"rendered":"https:\/\/alejandrodelasota.org\/?p=4062"},"modified":"2025-04-25T13:32:56","modified_gmt":"2025-04-25T11:32:56","slug":"prefabricacion-y-simplicidad","status":"publish","type":"post","link":"https:\/\/alejandrodelasota.org\/en\/prefabricacion-y-simplicidad\/","title":{"rendered":"PREFABRICACI\u00d3N Y SIMPLICIDAD"},"content":{"rendered":"<p>En los \u00faltimos congresos y ferias de arquitectura est\u00e1 ganando fuerza el concepto de la prefabricaci\u00f3n, que se presenta como el futuro de la construcci\u00f3n: todo para optimizar tiempos, mejorar la eficiencia y reducir el impacto ambiental. Sin embargo, para Alejandro de la Sota, pensar en la prefabricaci\u00f3n no era tendencia, era sentido com\u00fan. Hace m\u00e1s de sesenta a\u00f1os ya exploraba estas ideas en proyectos como la Casa Varela o la Urbanizaci\u00f3n de Alcudia, en Mallorca.<\/p>\n<p>\u00ab<em>Se prefabrica toda la construcci\u00f3n y se lleva desde la f\u00e1brica a donde sea. Paneles de chapa, forjados de chapa, tabiques de chapa, instalaciones hechas en taller, pavimentos prefabricados de grandes dimensiones, todo de f\u00e1cil montaje. Se ahorra tiempo, se consigue calidad y obliga a formas tal vez lejos de la Arquitectura<\/em>\u00bb.<\/p>\n<p>En la Casa Varela utiliz\u00f3 paneles prefabricados de hormig\u00f3n pretensado, buscando rapidez de ejecuci\u00f3n, adem\u00e1s de calidad y rigor en el proceso constructivo. La l\u00f3gica de industrializar no ven\u00eda de un capricho tecnol\u00f3gico, sino de un profundo respeto por el usuario y el entorno: hacer mejor arquitectura, de manera m\u00e1s eficiente, sin renunciar a su esencia.<\/p>\n<p>En Alcudia, tambi\u00e9n entendi\u00f3 que cada componente deb\u00eda responder a su funci\u00f3n de la forma m\u00e1s sencilla y honesta posible, como piezas de un engranaje bien pensado, para facilitar una arquitectura ligera, integrada y respetuosa con el paisaje.<\/p>\n<p>Quiz\u00e1 lo m\u00e1s innovador de todo no fue usar paneles o dise\u00f1ar pensando en la serie. Lo verdaderamente revolucionario fue que ya entonces supo ver lo que hoy seguimos intentando comprender: que la t\u00e9cnica debe estar siempre al servicio del ser humano y su bienestar.<\/p>\n<p>\u00b7 Conoce el proyecto de <a href=\"https:\/\/archivo.alejandrodelasota.org\/es\/original\/project\/218\">Casa Varela<\/a>.<br \/>\n\u00b7 Conoce el proyecto de <a href=\"https:\/\/archivo.alejandrodelasota.org\/es\/original\/project\/232\">Urbanizaci\u00f3n en Alcudia<\/a>.<\/p>\n<p><img loading=\"lazy\" src=\"https:\/\/alejandrodelasota.org\/wp-content\/uploads\/2025\/04\/1-1024x715.jpg\" alt=\"\" width=\"1024\" height=\"715\" class=\"aligncenter size-large wp-image-4063\" srcset=\"https:\/\/alejandrodelasota.org\/wp-content\/uploads\/2025\/04\/1-1024x715.jpg 1024w, https:\/\/alejandrodelasota.org\/wp-content\/uploads\/2025\/04\/1-300x209.jpg 300w, https:\/\/alejandrodelasota.org\/wp-content\/uploads\/2025\/04\/1-768x536.jpg 768w, https:\/\/alejandrodelasota.org\/wp-content\/uploads\/2025\/04\/1.jpg 1350w\" sizes=\"(max-width: 1024px) 100vw, 1024px\" \/><\/p>\n<p><img loading=\"lazy\" src=\"https:\/\/alejandrodelasota.org\/wp-content\/uploads\/2025\/04\/2-1024x727.jpg\" alt=\"\" width=\"1024\" height=\"727\" class=\"aligncenter size-large wp-image-4064\" srcset=\"https:\/\/alejandrodelasota.org\/wp-content\/uploads\/2025\/04\/2-1024x727.jpg 1024w, https:\/\/alejandrodelasota.org\/wp-content\/uploads\/2025\/04\/2-300x213.jpg 300w, https:\/\/alejandrodelasota.org\/wp-content\/uploads\/2025\/04\/2-768x545.jpg 768w, https:\/\/alejandrodelasota.org\/wp-content\/uploads\/2025\/04\/2.jpg 1350w\" sizes=\"(max-width: 1024px) 100vw, 1024px\" \/><\/p>\n<p><img loading=\"lazy\" src=\"https:\/\/alejandrodelasota.org\/wp-content\/uploads\/2025\/04\/3-1024x707.jpg\" alt=\"\" width=\"1024\" height=\"707\" class=\"aligncenter size-large wp-image-4065\" srcset=\"https:\/\/alejandrodelasota.org\/wp-content\/uploads\/2025\/04\/3-1024x707.jpg 1024w, https:\/\/alejandrodelasota.org\/wp-content\/uploads\/2025\/04\/3-300x207.jpg 300w, https:\/\/alejandrodelasota.org\/wp-content\/uploads\/2025\/04\/3-768x530.jpg 768w, https:\/\/alejandrodelasota.org\/wp-content\/uploads\/2025\/04\/3.jpg 1350w\" sizes=\"(max-width: 1024px) 100vw, 1024px\" \/><\/p>\n","protected":false},"excerpt":{"rendered":"<p>En los \u00faltimos congresos y ferias de arquitectura est\u00e1 ganando fuerza el concepto de la prefabricaci\u00f3n, que se presenta como el futuro de la construcci\u00f3n: todo para optimizar tiempos, mejorar la eficiencia y reducir el impacto ambiental. Sin embargo, para Alejandro de la Sota, pensar en la prefabricaci\u00f3n no era tendencia, era sentido com\u00fan. Hace [&hellip;]<\/p>\n","protected":false},"author":1,"featured_media":4063,"comment_status":"open","ping_status":"open","sticky":false,"template":"","format":"standard","meta":[],"categories":[1],"tags":[],"_links":{"self":[{"href":"https:\/\/alejandrodelasota.org\/en\/wp-json\/wp\/v2\/posts\/4062"}],"collection":[{"href":"https:\/\/alejandrodelasota.org\/en\/wp-json\/wp\/v2\/posts"}],"about":[{"href":"https:\/\/alejandrodelasota.org\/en\/wp-json\/wp\/v2\/types\/post"}],"author":[{"embeddable":true,"href":"https:\/\/alejandrodelasota.org\/en\/wp-json\/wp\/v2\/users\/1"}],"replies":[{"embeddable":true,"href":"https:\/\/alejandrodelasota.org\/en\/wp-json\/wp\/v2\/comments?post=4062"}],"version-history":[{"count":1,"href":"https:\/\/alejandrodelasota.org\/en\/wp-json\/wp\/v2\/posts\/4062\/revisions"}],"predecessor-version":[{"id":4066,"href":"https:\/\/alejandrodelasota.org\/en\/wp-json\/wp\/v2\/posts\/4062\/revisions\/4066"}],"wp:featuredmedia":[{"embeddable":true,"href":"https:\/\/alejandrodelasota.org\/en\/wp-json\/wp\/v2\/media\/4063"}],"wp:attachment":[{"href":"https:\/\/alejandrodelasota.org\/en\/wp-json\/wp\/v2\/media?parent=4062"}],"wp:term":[{"taxonomy":"category","embeddable":true,"href":"https:\/\/alejandrodelasota.org\/en\/wp-json\/wp\/v2\/categories?post=4062"},{"taxonomy":"post_tag","embeddable":true,"href":"https:\/\/alejandrodelasota.org\/en\/wp-json\/wp\/v2\/tags?post=4062"}],"curies":[{"name":"wp","href":"https:\/\/api.w.org\/{rel}","templated":true}]}}