{"id":3992,"date":"2024-11-19T16:21:05","date_gmt":"2024-11-19T14:21:05","guid":{"rendered":"https:\/\/alejandrodelasota.org\/?p=3992"},"modified":"2024-11-19T16:21:05","modified_gmt":"2024-11-19T14:21:05","slug":"exposicion-en-torno-a-esquivel","status":"publish","type":"post","link":"https:\/\/alejandrodelasota.org\/en\/exposicion-en-torno-a-esquivel\/","title":{"rendered":"EXPOSICI\u00d3N: EN TORNO A ESQUIVEL"},"content":{"rendered":"<p>Tan solo quedan dos d\u00edas para la exposici\u00f3n \u00abEn torno a Esquivel\u00bb que inauguraremos en la Fundaci\u00f3n Alejandro de la Sota y estamos deseando compartir con todos vosotros.<\/p>\n<p>El pr\u00f3ximo jueves 21 de noviembre de 19h a 21h os abriremos nuestras puertas, en Bret\u00f3n de los Herreros 66 Bajo C, para que conozc\u00e1is una muestra que recoger\u00e1 dibujos originales de Esquivel; as\u00ed como unas piezas de cer\u00e1mica dise\u00f1adas por Aurora Hernando y unas pinturas de Juan Ignacio Mera realizadas e inspiradas en el poblado de colonizaci\u00f3n. La exposici\u00f3n estar\u00e1 comisariada por Carlos A. Wandosell. <\/p>\n<p>Nos hace mucha ilusi\u00f3n volver a compartir nuestro espacio con amigos y seguidores de la Fundaci\u00f3n con esta tem\u00e1tica tan atractiva. La inauguraci\u00f3n tambi\u00e9n estar\u00e1 disponible los s\u00e1bados 23 y 30 de noviembre en horario de 12h a 14h.<\/p>\n<p>Os esperamos.<\/p>\n<p><img loading=\"lazy\" src=\"https:\/\/alejandrodelasota.org\/wp-content\/uploads\/2024\/11\/invitacion_expo_esquivel_v4-957x1024.jpg\" alt=\"\" width=\"957\" height=\"1024\" class=\"aligncenter size-large wp-image-3993\" srcset=\"https:\/\/alejandrodelasota.org\/wp-content\/uploads\/2024\/11\/invitacion_expo_esquivel_v4-957x1024.jpg 957w, https:\/\/alejandrodelasota.org\/wp-content\/uploads\/2024\/11\/invitacion_expo_esquivel_v4-280x300.jpg 280w, https:\/\/alejandrodelasota.org\/wp-content\/uploads\/2024\/11\/invitacion_expo_esquivel_v4-768x822.jpg 768w, https:\/\/alejandrodelasota.org\/wp-content\/uploads\/2024\/11\/invitacion_expo_esquivel_v4-1435x1536.jpg 1435w, https:\/\/alejandrodelasota.org\/wp-content\/uploads\/2024\/11\/invitacion_expo_esquivel_v4.jpg 1772w\" sizes=\"(max-width: 957px) 100vw, 957px\" \/><\/p>\n","protected":false},"excerpt":{"rendered":"<p>Tan solo quedan dos d\u00edas para la exposici\u00f3n \u00abEn torno a Esquivel\u00bb que inauguraremos en la Fundaci\u00f3n Alejandro de la Sota y estamos deseando compartir con todos vosotros. El pr\u00f3ximo jueves 21 de noviembre de 19h a 21h os abriremos nuestras puertas, en Bret\u00f3n de los Herreros 66 Bajo C, para que conozc\u00e1is una muestra [&hellip;]<\/p>\n","protected":false},"author":1,"featured_media":3993,"comment_status":"open","ping_status":"open","sticky":false,"template":"","format":"standard","meta":[],"categories":[7,10],"tags":[],"_links":{"self":[{"href":"https:\/\/alejandrodelasota.org\/en\/wp-json\/wp\/v2\/posts\/3992"}],"collection":[{"href":"https:\/\/alejandrodelasota.org\/en\/wp-json\/wp\/v2\/posts"}],"about":[{"href":"https:\/\/alejandrodelasota.org\/en\/wp-json\/wp\/v2\/types\/post"}],"author":[{"embeddable":true,"href":"https:\/\/alejandrodelasota.org\/en\/wp-json\/wp\/v2\/users\/1"}],"replies":[{"embeddable":true,"href":"https:\/\/alejandrodelasota.org\/en\/wp-json\/wp\/v2\/comments?post=3992"}],"version-history":[{"count":1,"href":"https:\/\/alejandrodelasota.org\/en\/wp-json\/wp\/v2\/posts\/3992\/revisions"}],"predecessor-version":[{"id":3994,"href":"https:\/\/alejandrodelasota.org\/en\/wp-json\/wp\/v2\/posts\/3992\/revisions\/3994"}],"wp:featuredmedia":[{"embeddable":true,"href":"https:\/\/alejandrodelasota.org\/en\/wp-json\/wp\/v2\/media\/3993"}],"wp:attachment":[{"href":"https:\/\/alejandrodelasota.org\/en\/wp-json\/wp\/v2\/media?parent=3992"}],"wp:term":[{"taxonomy":"category","embeddable":true,"href":"https:\/\/alejandrodelasota.org\/en\/wp-json\/wp\/v2\/categories?post=3992"},{"taxonomy":"post_tag","embeddable":true,"href":"https:\/\/alejandrodelasota.org\/en\/wp-json\/wp\/v2\/tags?post=3992"}],"curies":[{"name":"wp","href":"https:\/\/api.w.org\/{rel}","templated":true}]}}