{"id":3986,"date":"2024-11-11T14:03:39","date_gmt":"2024-11-11T12:03:39","guid":{"rendered":"https:\/\/alejandrodelasota.org\/?p=3986"},"modified":"2024-11-11T14:13:38","modified_gmt":"2024-11-11T12:13:38","slug":"en-torno-a-esquivel","status":"publish","type":"post","link":"https:\/\/alejandrodelasota.org\/en\/en-torno-a-esquivel\/","title":{"rendered":"EN TORNO A ESQUIVEL"},"content":{"rendered":"<p>Esta semana compartimos con vosotros dos noticias preciosas relacionada con el Poblado de Esquivel.<\/p>\n<p>Por un lado, como ya viene siendo tradici\u00f3n, que el pr\u00f3ximo 16 de noviembre se celebrar\u00e1 en Esquivel la III Jornada Cultura y Patrimonio. Se realizar\u00e1 una ruta guiada por el poblado de colonizaci\u00f3n junto a sus vecinos y residentes. El evento es gratuito y requiere inscripci\u00f3n previa, ya que las plazas son limitadas. Desde luego, es una oportunidad inmejorable para conocer la evoluci\u00f3n del poblado, que fue proyectado por Alejandro de la Sota en el a\u00f1o 1952. El acto ha sido organizado por la Asociaci\u00f3n Cultural y Patrimonio de Esquivel en colaboraci\u00f3n con el Ayuntamiento de Alcal\u00e1 del R\u00edo.<\/p>\n<p>Y por otro, el anuncio de que el 21 de noviembre celebraremos en la Fundaci\u00f3n una exposici\u00f3n con dibujos originales de Esquivel, piezas cer\u00e1micas de Aurora Hernando y pinturas de Juan Ignacio Mera, que ser\u00e1 comisariada por Carlos A. Wandosell. Os daremos m\u00e1s noticias la semana que viene.<\/p>\n<p><img loading=\"lazy\" src=\"https:\/\/alejandrodelasota.org\/wp-content\/uploads\/2024\/11\/III-JORNADA-1024x724.jpg\" alt=\"\" width=\"1024\" height=\"724\" class=\"aligncenter size-large wp-image-3987\" srcset=\"https:\/\/alejandrodelasota.org\/wp-content\/uploads\/2024\/11\/III-JORNADA-1024x724.jpg 1024w, https:\/\/alejandrodelasota.org\/wp-content\/uploads\/2024\/11\/III-JORNADA-300x212.jpg 300w, https:\/\/alejandrodelasota.org\/wp-content\/uploads\/2024\/11\/III-JORNADA-768x543.jpg 768w, https:\/\/alejandrodelasota.org\/wp-content\/uploads\/2024\/11\/III-JORNADA-1536x1086.jpg 1536w, https:\/\/alejandrodelasota.org\/wp-content\/uploads\/2024\/11\/III-JORNADA-2048x1448.jpg 2048w\" sizes=\"(max-width: 1024px) 100vw, 1024px\" \/><\/p>\n<p><img loading=\"lazy\" src=\"https:\/\/alejandrodelasota.org\/wp-content\/uploads\/2024\/11\/invitacion_expo_esquivel-1-957x1024.jpg\" alt=\"\" width=\"957\" height=\"1024\" class=\"aligncenter size-large wp-image-3988\" srcset=\"https:\/\/alejandrodelasota.org\/wp-content\/uploads\/2024\/11\/invitacion_expo_esquivel-1-957x1024.jpg 957w, https:\/\/alejandrodelasota.org\/wp-content\/uploads\/2024\/11\/invitacion_expo_esquivel-1-280x300.jpg 280w, https:\/\/alejandrodelasota.org\/wp-content\/uploads\/2024\/11\/invitacion_expo_esquivel-1-768x822.jpg 768w, https:\/\/alejandrodelasota.org\/wp-content\/uploads\/2024\/11\/invitacion_expo_esquivel-1-1435x1536.jpg 1435w, https:\/\/alejandrodelasota.org\/wp-content\/uploads\/2024\/11\/invitacion_expo_esquivel-1.jpg 1772w\" sizes=\"(max-width: 957px) 100vw, 957px\" \/><\/p>\n","protected":false},"excerpt":{"rendered":"<p>Esta semana compartimos con vosotros dos noticias preciosas relacionada con el Poblado de Esquivel. Por un lado, como ya viene siendo tradici\u00f3n, que el pr\u00f3ximo 16 de noviembre se celebrar\u00e1 en Esquivel la III Jornada Cultura y Patrimonio. Se realizar\u00e1 una ruta guiada por el poblado de colonizaci\u00f3n junto a sus vecinos y residentes. El [&hellip;]<\/p>\n","protected":false},"author":1,"featured_media":3987,"comment_status":"open","ping_status":"open","sticky":false,"template":"","format":"standard","meta":[],"categories":[7,10],"tags":[],"_links":{"self":[{"href":"https:\/\/alejandrodelasota.org\/en\/wp-json\/wp\/v2\/posts\/3986"}],"collection":[{"href":"https:\/\/alejandrodelasota.org\/en\/wp-json\/wp\/v2\/posts"}],"about":[{"href":"https:\/\/alejandrodelasota.org\/en\/wp-json\/wp\/v2\/types\/post"}],"author":[{"embeddable":true,"href":"https:\/\/alejandrodelasota.org\/en\/wp-json\/wp\/v2\/users\/1"}],"replies":[{"embeddable":true,"href":"https:\/\/alejandrodelasota.org\/en\/wp-json\/wp\/v2\/comments?post=3986"}],"version-history":[{"count":2,"href":"https:\/\/alejandrodelasota.org\/en\/wp-json\/wp\/v2\/posts\/3986\/revisions"}],"predecessor-version":[{"id":3990,"href":"https:\/\/alejandrodelasota.org\/en\/wp-json\/wp\/v2\/posts\/3986\/revisions\/3990"}],"wp:featuredmedia":[{"embeddable":true,"href":"https:\/\/alejandrodelasota.org\/en\/wp-json\/wp\/v2\/media\/3987"}],"wp:attachment":[{"href":"https:\/\/alejandrodelasota.org\/en\/wp-json\/wp\/v2\/media?parent=3986"}],"wp:term":[{"taxonomy":"category","embeddable":true,"href":"https:\/\/alejandrodelasota.org\/en\/wp-json\/wp\/v2\/categories?post=3986"},{"taxonomy":"post_tag","embeddable":true,"href":"https:\/\/alejandrodelasota.org\/en\/wp-json\/wp\/v2\/tags?post=3986"}],"curies":[{"name":"wp","href":"https:\/\/api.w.org\/{rel}","templated":true}]}}