{"id":3932,"date":"2024-05-20T14:24:41","date_gmt":"2024-05-20T12:24:41","guid":{"rendered":"https:\/\/alejandrodelasota.org\/?p=3932"},"modified":"2024-05-20T17:45:49","modified_gmt":"2024-05-20T15:45:49","slug":"ponencias-orales-seleccionadas-al-viii-congreso-internacional-pioneros-de-la-arquitectura-moderna-espanola-integracion-en-el-entorno","status":"publish","type":"post","link":"https:\/\/alejandrodelasota.org\/en\/ponencias-orales-seleccionadas-al-viii-congreso-internacional-pioneros-de-la-arquitectura-moderna-espanola-integracion-en-el-entorno\/","title":{"rendered":"PONENCIAS ORALES SELECCIONADAS AL VIII CONGRESO INTERNACIONAL PIONEROS DE LA ARQUITECTURA MODERNA ESPA\u00d1OLA: INTEGRACI\u00d3"},"content":{"rendered":"<p>Tenemos el placer de anunciar que, tras la revisi\u00f3n de los textos completos de las comunicaciones por parte de los miembros del Comit\u00e9 Cient\u00edfico del VIII Congreso Internacional Pioneros, a quienes agradecemos su colaboraci\u00f3n e implicaci\u00f3n, se ha seleccionado la siguiente relaci\u00f3n de art\u00edculos para las ponencias orales y la publicaci\u00f3n en papel:<\/p>\n<p><em>Construir el paisaje. Hotel en el acantilado de Monte do Gozo, Malta. Julio Lafuente.<\/em><br \/>\n\u00cd\u00f1igo Garc\u00eda Odiaga y Nekane Azpiazu Lejardi. Universidad del Pa\u00eds Vasco (UPV\/EHU)<\/p>\n<p><em>Pasaremos la noche en la luna\u2026 La Casa Ugalde, J.A. Coderch, 1951.<\/em><br \/>\nJulio Garnica Gonz\u00e1lez-Barcena. Universidad Polit\u00e9cnica de Catalu\u00f1a (UPC)<\/p>\n<p><em>Horizontes para un barranco. Alojamientos para Electra de Viesgo en La Hermida, Cantabria.<\/em><br \/>\nGerardo Aranc\u00f3n \u00c1lvarez. Universidad de Oviedo<\/p>\n<p><em>Laboratorios Profid\u00e9n: el paisaje de una utop\u00eda productiva. Construcci\u00f3n de un territorio identitario en el Madrid desarrollista.<\/em><br \/>\nCristina Asla Ortiz de Latierro, Emilio Prado Rodr\u00edguez y S\u00e1lvora Feliz Ricoy. Universidad Polit\u00e9cnica de Madrid (UPM)<\/p>\n<p><em>Recuerdos: Encinas, pinos, jaras, hormig\u00f3n, teja, ladrillo. El Club Las Encinas de Boadilla por Estudio Lamela.<\/em><br \/>\nJos\u00e9 Vela Castillo. IE University.<\/p>\n<p><em>Dos formas de mirar el paisaje agr\u00edcola de Gimenells. 1943 Alejandro de la Sota \/ 1965 SSDP (Sanmart\u00ed-Sabater-Dom\u00e8nech-Puig).<\/em><br \/>\nJaume Farreny Morancho y Roger Miralles Jori. Universitat Rovira i Virgili.<\/p>\n<p><em>Nuestra Se\u00f1ora de la Luz. Una iglesia escondida tras una tapia en el barrio de Chamart\u00edn.<\/em><br \/>\nJos\u00e9 Antonio Flores Soto. Universidad Polit\u00e9cnica de Madrid (UPM)<\/p>\n<p><em>El contexto como estrategia de proyecto. El concurso para el Palacio Provincial de la Diputaci\u00f3n de La Coru\u00f1a de Alejandro de la Sota.<\/em><br \/>\nClaudia Pirina. Universit\u00e0 degli Studi di Udine, Italia.<\/p>\n<p><em>Cuatro apellidos vascos junto al Parque de Mar\u00eda Luisa. Ciudad, jard\u00edn y escuela en el Colegio \u201cCompa\u00f1\u00eda de Mar\u00eda\u201d de Jos\u00e9 Mar\u00eda Anasagasti.<\/em><br \/>\nMiguel \u00c1ngel de la Cova Morillo-Velarde. Universidad de Sevilla.<\/p>\n<p><em>El sentido integrador de la convenci\u00f3n. El convento de Garc\u00eda de Paredes en la Alameda malague\u00f1a.<\/em><br \/>\nRicardo S\u00e1nchez Lampreave y Jos\u00e9 Luis Varela Al\u00e9n. Universidade da Coru\u00f1a.<\/p>\n<p>Felicitamos a los autores de los trabajos seleccionados y agradecemos su participaci\u00f3n a todos aquellos que presentaron sus comunicaciones, esperando su presencia en la celebraci\u00f3n del Congreso cuya fecha prevista ha sido modificada y notificaremos en cuanto sea posible. Desde la Fundaci\u00f3n Alejandro de la Sota nos gustar\u00eda agradecer la colaboraci\u00f3n del Ministerio de Vivienda y Agenda Urbana y del C\u00edrculo de Bellas Artes en esta octava edici\u00f3n del Congreso Internacional Pioneros.<\/p>\n<p>Toda la informaci\u00f3n del Congreso, con las comunicaciones aceptadas y seleccionadas, ya se encuentra a vuestra disposici\u00f3n en el <a href=\"https:\/\/congresopionerosarquitectos.com\/edicion\/VIII%2520Congreso%252C%25202024%253A%2520Integraci%25C3%25B3n%2520en%2520el%2520entorno?ed=2024\" rel=\"noopener\" target=\"_blank\">siguiente enlace<\/a>.<\/p>\n<p><img loading=\"lazy\" src=\"https:\/\/alejandrodelasota.org\/wp-content\/uploads\/2024\/05\/0_banner-8_VIII-Congreso-sin-fecha-1024x384.jpg\" alt=\"\" width=\"1024\" height=\"384\" class=\"aligncenter size-large wp-image-3933\" srcset=\"https:\/\/alejandrodelasota.org\/wp-content\/uploads\/2024\/05\/0_banner-8_VIII-Congreso-sin-fecha-1024x384.jpg 1024w, https:\/\/alejandrodelasota.org\/wp-content\/uploads\/2024\/05\/0_banner-8_VIII-Congreso-sin-fecha-300x113.jpg 300w, https:\/\/alejandrodelasota.org\/wp-content\/uploads\/2024\/05\/0_banner-8_VIII-Congreso-sin-fecha-768x288.jpg 768w, https:\/\/alejandrodelasota.org\/wp-content\/uploads\/2024\/05\/0_banner-8_VIII-Congreso-sin-fecha-1536x577.jpg 1536w, https:\/\/alejandrodelasota.org\/wp-content\/uploads\/2024\/05\/0_banner-8_VIII-Congreso-sin-fecha-2048x769.jpg 2048w\" sizes=\"(max-width: 1024px) 100vw, 1024px\" \/><\/p>\n","protected":false},"excerpt":{"rendered":"<p>Tenemos el placer de anunciar que, tras la revisi\u00f3n de los textos completos de las comunicaciones por parte de los miembros del Comit\u00e9 Cient\u00edfico del VIII Congreso Internacional Pioneros, a quienes agradecemos su colaboraci\u00f3n e implicaci\u00f3n, se ha seleccionado la siguiente relaci\u00f3n de art\u00edculos para las ponencias orales y la publicaci\u00f3n en papel: Construir el [&hellip;]<\/p>\n","protected":false},"author":1,"featured_media":3933,"comment_status":"open","ping_status":"open","sticky":false,"template":"","format":"standard","meta":[],"categories":[7,128],"tags":[],"_links":{"self":[{"href":"https:\/\/alejandrodelasota.org\/en\/wp-json\/wp\/v2\/posts\/3932"}],"collection":[{"href":"https:\/\/alejandrodelasota.org\/en\/wp-json\/wp\/v2\/posts"}],"about":[{"href":"https:\/\/alejandrodelasota.org\/en\/wp-json\/wp\/v2\/types\/post"}],"author":[{"embeddable":true,"href":"https:\/\/alejandrodelasota.org\/en\/wp-json\/wp\/v2\/users\/1"}],"replies":[{"embeddable":true,"href":"https:\/\/alejandrodelasota.org\/en\/wp-json\/wp\/v2\/comments?post=3932"}],"version-history":[{"count":2,"href":"https:\/\/alejandrodelasota.org\/en\/wp-json\/wp\/v2\/posts\/3932\/revisions"}],"predecessor-version":[{"id":3935,"href":"https:\/\/alejandrodelasota.org\/en\/wp-json\/wp\/v2\/posts\/3932\/revisions\/3935"}],"wp:featuredmedia":[{"embeddable":true,"href":"https:\/\/alejandrodelasota.org\/en\/wp-json\/wp\/v2\/media\/3933"}],"wp:attachment":[{"href":"https:\/\/alejandrodelasota.org\/en\/wp-json\/wp\/v2\/media?parent=3932"}],"wp:term":[{"taxonomy":"category","embeddable":true,"href":"https:\/\/alejandrodelasota.org\/en\/wp-json\/wp\/v2\/categories?post=3932"},{"taxonomy":"post_tag","embeddable":true,"href":"https:\/\/alejandrodelasota.org\/en\/wp-json\/wp\/v2\/tags?post=3932"}],"curies":[{"name":"wp","href":"https:\/\/api.w.org\/{rel}","templated":true}]}}