{"id":3836,"date":"2023-12-28T13:27:27","date_gmt":"2023-12-28T11:27:27","guid":{"rendered":"https:\/\/alejandrodelasota.org\/?p=3836"},"modified":"2023-12-28T13:27:27","modified_gmt":"2023-12-28T11:27:27","slug":"feliz-navidad-y-comienzo-de-ano","status":"publish","type":"post","link":"https:\/\/alejandrodelasota.org\/en\/feliz-navidad-y-comienzo-de-ano\/","title":{"rendered":"FELIZ NAVIDAD Y COMIENZO DE A\u00d1O"},"content":{"rendered":"<p>Como ya es tradici\u00f3n, nos gustar\u00eda despedir la temporada y festejar estos d\u00edas tan especiales compartiendo con vosotros un calendario para el a\u00f1o que llega.<\/p>\n<p>El ejemplar de 2024, preparado con el mismo mimo y cari\u00f1o que en ediciones anteriores, est\u00e1 dedicado a la arquitectura y su entorno. En \u00e9l hemos recopilado fotograf\u00edas, planos, croquis y frases de don Alejandro que reflexionan sobre la importancia entre lo edificado y su relaci\u00f3n con el contexto existente. <\/p>\n<p>Desde la Fundaci\u00f3n nos gustar\u00eda agradecer a todos los socios, amigos, colaboradores, instituciones y patrocinadores todo el apoyo mostrado, esperando que el pr\u00f3ximo a\u00f1o llegue cargado de proyectos ilusionantes para todos. El calendario est\u00e1 listo para imprimirse y puede ser <strong><a href=\"https:\/\/alejandrodelasota.org\/wp-content\/uploads\/2023\/12\/2024_L.pdf\">descargado aqu\u00ed<\/a><\/strong>.<\/p>\n<p><img loading=\"lazy\" src=\"https:\/\/alejandrodelasota.org\/wp-content\/uploads\/2023\/12\/calendario-683x1024.jpg\" alt=\"\" width=\"683\" height=\"1024\" class=\"aligncenter size-large wp-image-3838\" srcset=\"https:\/\/alejandrodelasota.org\/wp-content\/uploads\/2023\/12\/calendario-683x1024.jpg 683w, https:\/\/alejandrodelasota.org\/wp-content\/uploads\/2023\/12\/calendario-200x300.jpg 200w, https:\/\/alejandrodelasota.org\/wp-content\/uploads\/2023\/12\/calendario-768x1152.jpg 768w, https:\/\/alejandrodelasota.org\/wp-content\/uploads\/2023\/12\/calendario-1024x1536.jpg 1024w, https:\/\/alejandrodelasota.org\/wp-content\/uploads\/2023\/12\/calendario-1365x2048.jpg 1365w, https:\/\/alejandrodelasota.org\/wp-content\/uploads\/2023\/12\/calendario-scaled.jpg 1707w\" sizes=\"(max-width: 683px) 100vw, 683px\" \/><\/p>\n","protected":false},"excerpt":{"rendered":"<p>Como ya es tradici\u00f3n, nos gustar\u00eda despedir la temporada y festejar estos d\u00edas tan especiales compartiendo con vosotros un calendario para el a\u00f1o que llega. El ejemplar de 2024, preparado con el mismo mimo y cari\u00f1o que en ediciones anteriores, est\u00e1 dedicado a la arquitectura y su entorno. En \u00e9l hemos recopilado fotograf\u00edas, planos, croquis [&hellip;]<\/p>\n","protected":false},"author":1,"featured_media":3838,"comment_status":"open","ping_status":"open","sticky":false,"template":"","format":"standard","meta":[],"categories":[1],"tags":[],"_links":{"self":[{"href":"https:\/\/alejandrodelasota.org\/en\/wp-json\/wp\/v2\/posts\/3836"}],"collection":[{"href":"https:\/\/alejandrodelasota.org\/en\/wp-json\/wp\/v2\/posts"}],"about":[{"href":"https:\/\/alejandrodelasota.org\/en\/wp-json\/wp\/v2\/types\/post"}],"author":[{"embeddable":true,"href":"https:\/\/alejandrodelasota.org\/en\/wp-json\/wp\/v2\/users\/1"}],"replies":[{"embeddable":true,"href":"https:\/\/alejandrodelasota.org\/en\/wp-json\/wp\/v2\/comments?post=3836"}],"version-history":[{"count":3,"href":"https:\/\/alejandrodelasota.org\/en\/wp-json\/wp\/v2\/posts\/3836\/revisions"}],"predecessor-version":[{"id":3841,"href":"https:\/\/alejandrodelasota.org\/en\/wp-json\/wp\/v2\/posts\/3836\/revisions\/3841"}],"wp:featuredmedia":[{"embeddable":true,"href":"https:\/\/alejandrodelasota.org\/en\/wp-json\/wp\/v2\/media\/3838"}],"wp:attachment":[{"href":"https:\/\/alejandrodelasota.org\/en\/wp-json\/wp\/v2\/media?parent=3836"}],"wp:term":[{"taxonomy":"category","embeddable":true,"href":"https:\/\/alejandrodelasota.org\/en\/wp-json\/wp\/v2\/categories?post=3836"},{"taxonomy":"post_tag","embeddable":true,"href":"https:\/\/alejandrodelasota.org\/en\/wp-json\/wp\/v2\/tags?post=3836"}],"curies":[{"name":"wp","href":"https:\/\/api.w.org\/{rel}","templated":true}]}}