{"id":3829,"date":"2023-12-19T16:03:47","date_gmt":"2023-12-19T14:03:47","guid":{"rendered":"https:\/\/alejandrodelasota.org\/?p=3829"},"modified":"2023-12-19T16:03:47","modified_gmt":"2023-12-19T14:03:47","slug":"entrega-de-premios-de-la-xiii-bienal-alejandro-de-la-sota","status":"publish","type":"post","link":"https:\/\/alejandrodelasota.org\/en\/entrega-de-premios-de-la-xiii-bienal-alejandro-de-la-sota\/","title":{"rendered":"ENTREGA DE PREMIOS DE LA XIII BIENAL ALEJANDRO DE LA SOTA"},"content":{"rendered":"<p>El pasado 12 de diciembre se entregaron en el Sal\u00f3n de Actos del COAC de Tarragona los premios pertenecientes a la XIII Bienal Alejandro de la Sota, as\u00ed como el S\u00e9ptimo premio Alejandro de la Sota.<\/p>\n<p>El jurado, formado por las arquitectas Olga Felipe, Carlota de Gispert y M\u00f3nica Alberola, distinguieron las siguientes obras, clasificadas por categor\u00eda:<\/p>\n<p><strong>Edificios de nueva planta para uso p\u00fablico:<\/strong><br \/>\n\u00b7 Edificio de sanitarios en Salou, de Anna Bast\u00fas Guinovart.<\/p>\n<p><strong>Edificios de nueva planta para uso privado:<\/strong><br \/>\n\u00b7 Edificio Colom 32 en Tarragona, de Tous Arquitectes SLP.<\/p>\n<p><strong>Obras de restauraci\u00f3n, rehabilitaci\u00f3n o reforma. Premiadas ex aequo:<\/strong><br \/>\n\u00b7 Transformaci\u00f3n de un edificio abandonado en 27 apartamentos en Salou, de NUA arquitectures.<br \/>\n\u00b7 Restauraci\u00f3n y reactivaci\u00f3n del \u2018Mas Totosaus\u2019 en Reus, de NUA arquitectures.<\/p>\n<p><strong>Espacios exteriores:<\/strong><br \/>\n\u00b7 Laberinto en Reus, de Arjub Studio.<\/p>\n<p><strong>Interiorismo:<\/strong><br \/>\n\u00b7 La Roig en Tarragona, de NAM Arquitectura.<\/p>\n<p>El jurado acord\u00f3 por unanimidad otorgar el premio Alejandro de la Sota a la obra: Laberinto en Reus de Arjub Studio, por tratarse de una obra que expresa bien algunos de los valores del maestro. Se trata de un \u00abplayground\u00bb concebido como un espacio comunitario, en donde el campo visual de los peque\u00f1os usuarios no se ve entorpecido, lo que favorece el movimiento, el juego y la creatividad.<\/p>\n<p>Enhorabuena a todos los ganadores.<\/p>\n<p>Desde la Fundaci\u00f3n Alejandro de la Sota nos gustar\u00eda agradecer nuevamente a la Demarcaci\u00f3n de Tarragona su incesante empe\u00f1o por destacar la buena arquitectura a lo largo de todo este tiempo. Que esta iniciativa se siga realizando desde hace 26 a\u00f1os es una muestra del cari\u00f1o y el \u00e9xito que sigue acumulando en cada edici\u00f3n.<br \/>\nEn la mesa se encuentran de izquierda a derecha: Elisabet Antequera Calvo, como secretaria de la XIII Bienal Alejandro de la Sota, Jordi Romera Cid, presidente de la demarcaci\u00f3n de Tarragona del COAC, Guim Costa i Calsamiglia, Decano del COAC y Josep Llin\u00e0s Carmona, patrono de la Fundaci\u00f3n Alejandro de la Sota.<\/p>\n<p>\u00b7 Aqu\u00ed puedes conocer el resto de <a href=\"http:\/\/www.coac.net\/Tarragona\/T@R\/T@R2023\/xiii_biennal_obres_guardonades.pdf\" rel=\"noopener\" target=\"_blank\">propuestas finalistas<\/a>.<br \/>\n\u00b7 Fotograf\u00edas del proyecto: Alba Rodr\u00edguez y Anna Castell\u00e0.<\/p>\n<p><img loading=\"lazy\" src=\"https:\/\/alejandrodelasota.org\/wp-content\/uploads\/2023\/12\/lab1-1024x683.jpg\" alt=\"\" width=\"1024\" height=\"683\" class=\"aligncenter size-large wp-image-3830\" srcset=\"https:\/\/alejandrodelasota.org\/wp-content\/uploads\/2023\/12\/lab1-1024x683.jpg 1024w, https:\/\/alejandrodelasota.org\/wp-content\/uploads\/2023\/12\/lab1-300x200.jpg 300w, https:\/\/alejandrodelasota.org\/wp-content\/uploads\/2023\/12\/lab1-768x512.jpg 768w, https:\/\/alejandrodelasota.org\/wp-content\/uploads\/2023\/12\/lab1.jpg 1188w\" sizes=\"(max-width: 1024px) 100vw, 1024px\" \/><\/p>\n<p><img loading=\"lazy\" src=\"https:\/\/alejandrodelasota.org\/wp-content\/uploads\/2023\/12\/lab2-1024x819.jpg\" alt=\"\" width=\"1024\" height=\"819\" class=\"aligncenter size-large wp-image-3831\" srcset=\"https:\/\/alejandrodelasota.org\/wp-content\/uploads\/2023\/12\/lab2-1024x819.jpg 1024w, https:\/\/alejandrodelasota.org\/wp-content\/uploads\/2023\/12\/lab2-300x240.jpg 300w, https:\/\/alejandrodelasota.org\/wp-content\/uploads\/2023\/12\/lab2-768x614.jpg 768w, https:\/\/alejandrodelasota.org\/wp-content\/uploads\/2023\/12\/lab2.jpg 1400w\" sizes=\"(max-width: 1024px) 100vw, 1024px\" \/><\/p>\n<p><img loading=\"lazy\" src=\"https:\/\/alejandrodelasota.org\/wp-content\/uploads\/2023\/12\/lab3-1024x788.jpg\" alt=\"\" width=\"1024\" height=\"788\" class=\"aligncenter size-large wp-image-3832\" srcset=\"https:\/\/alejandrodelasota.org\/wp-content\/uploads\/2023\/12\/lab3-1024x788.jpg 1024w, https:\/\/alejandrodelasota.org\/wp-content\/uploads\/2023\/12\/lab3-300x231.jpg 300w, https:\/\/alejandrodelasota.org\/wp-content\/uploads\/2023\/12\/lab3-768x591.jpg 768w, https:\/\/alejandrodelasota.org\/wp-content\/uploads\/2023\/12\/lab3-1536x1181.jpg 1536w, https:\/\/alejandrodelasota.org\/wp-content\/uploads\/2023\/12\/lab3-2048x1575.jpg 2048w\" sizes=\"(max-width: 1024px) 100vw, 1024px\" \/><\/p>\n","protected":false},"excerpt":{"rendered":"<p>El pasado 12 de diciembre se entregaron en el Sal\u00f3n de Actos del COAC de Tarragona los premios pertenecientes a la XIII Bienal Alejandro de la Sota, as\u00ed como el S\u00e9ptimo premio Alejandro de la Sota. El jurado, formado por las arquitectas Olga Felipe, Carlota de Gispert y M\u00f3nica Alberola, distinguieron las siguientes obras, clasificadas [&hellip;]<\/p>\n","protected":false},"author":1,"featured_media":3830,"comment_status":"open","ping_status":"open","sticky":false,"template":"","format":"standard","meta":[],"categories":[7,1],"tags":[],"_links":{"self":[{"href":"https:\/\/alejandrodelasota.org\/en\/wp-json\/wp\/v2\/posts\/3829"}],"collection":[{"href":"https:\/\/alejandrodelasota.org\/en\/wp-json\/wp\/v2\/posts"}],"about":[{"href":"https:\/\/alejandrodelasota.org\/en\/wp-json\/wp\/v2\/types\/post"}],"author":[{"embeddable":true,"href":"https:\/\/alejandrodelasota.org\/en\/wp-json\/wp\/v2\/users\/1"}],"replies":[{"embeddable":true,"href":"https:\/\/alejandrodelasota.org\/en\/wp-json\/wp\/v2\/comments?post=3829"}],"version-history":[{"count":1,"href":"https:\/\/alejandrodelasota.org\/en\/wp-json\/wp\/v2\/posts\/3829\/revisions"}],"predecessor-version":[{"id":3833,"href":"https:\/\/alejandrodelasota.org\/en\/wp-json\/wp\/v2\/posts\/3829\/revisions\/3833"}],"wp:featuredmedia":[{"embeddable":true,"href":"https:\/\/alejandrodelasota.org\/en\/wp-json\/wp\/v2\/media\/3830"}],"wp:attachment":[{"href":"https:\/\/alejandrodelasota.org\/en\/wp-json\/wp\/v2\/media?parent=3829"}],"wp:term":[{"taxonomy":"category","embeddable":true,"href":"https:\/\/alejandrodelasota.org\/en\/wp-json\/wp\/v2\/categories?post=3829"},{"taxonomy":"post_tag","embeddable":true,"href":"https:\/\/alejandrodelasota.org\/en\/wp-json\/wp\/v2\/tags?post=3829"}],"curies":[{"name":"wp","href":"https:\/\/api.w.org\/{rel}","templated":true}]}}