{"id":3808,"date":"2023-11-06T12:33:10","date_gmt":"2023-11-06T10:33:10","guid":{"rendered":"https:\/\/alejandrodelasota.org\/?p=3808"},"modified":"2024-01-08T14:29:13","modified_gmt":"2024-01-08T12:29:13","slug":"viii-congreso-internacional-pioneros-de-la-arquitectura-moderna-espanola-integracion-en-el-entorno","status":"publish","type":"post","link":"https:\/\/alejandrodelasota.org\/en\/viii-congreso-internacional-pioneros-de-la-arquitectura-moderna-espanola-integracion-en-el-entorno\/","title":{"rendered":"VIII CONGRESO INTERNACIONAL PIONEROS DE LA ARQUITECTURA MODERNA ESPA\u00d1OLA: INTEGRACI\u00d3N EN EL ENTORNO"},"content":{"rendered":"<p>La Fundaci\u00f3n Alejandro de la Sota, en colaboraci\u00f3n con el Ministerio de Transportes, Movilidad y Agenda Urbana (MITMA) y el C\u00edrculo de Bellas Artes, celebrar\u00e1 el pr\u00f3ximo mayo de 2024 el VIII Congreso Internacional Pioneros de la Arquitectura Moderna Espa\u00f1ola, que llevar\u00e1 por t\u00edtulo: Integraci\u00f3n en el entorno. Como en anteriores ediciones, el Congreso se centra en aquellas generaciones de arquitectos espa\u00f1oles nacidos en torno a las d\u00e9cadas de 1910 y 1920, autores de obras relevantes de nuestra arquitectura. <\/p>\n<p>En la presente edici\u00f3n se reflexionar\u00e1 sobre el legado de estos pioneros y c\u00f3mo su enfoque en la integraci\u00f3n de sus obras en el entorno puede ser una referencia todav\u00eda vigente para los arquitectos contempor\u00e1neos. Para ello, en las comunicaciones de esta edici\u00f3n se analizar\u00e1n los mecanismos que utiliza el arquitecto en una \u00fanica obra o proyecto para poner de manifiesto su integraci\u00f3n en el medio que lo rodea.<\/p>\n<p>La Inscripci\u00f3n al Congreso podr\u00e1 realizarse a partir del 7 de noviembre, as\u00ed como la presentaci\u00f3n de res\u00famenes.<br \/>\nLas bases de la convocatoria se podr\u00e1n <a href=\"https:\/\/alejandrodelasota.org\/wp-content\/uploads\/2024\/01\/BASES_VIII-Congreso.pdf\"><strong>descargar aqu\u00ed<\/strong><\/a>.<\/p>\n<p>\u00b7 Otros links de inter\u00e9s:<\/p>\n<p><a href=\"https:\/\/congresopionerosarquitectos.com\/\" rel=\"noopener\" target=\"_blank\">https:\/\/congresopionerosarquitectos.com\/ <\/a><br \/>\n<a href=\"https:\/\/arquitecturamoderna.es\/es\" rel=\"noopener\" target=\"_blank\">https:\/\/arquitecturamoderna.es\/es <\/a><br \/>\n<a href=\"https:\/\/alejandrodelasota.org\/\" rel=\"noopener\" target=\"_blank\">https:\/\/alejandrodelasota.org\/<\/a><\/p>\n<p><img loading=\"lazy\" src=\"https:\/\/alejandrodelasota.org\/wp-content\/uploads\/2023\/11\/banner-8_VII-Congreso-1024x384.jpg\" alt=\"\" width=\"1024\" height=\"384\" class=\"aligncenter size-large wp-image-3809\" srcset=\"https:\/\/alejandrodelasota.org\/wp-content\/uploads\/2023\/11\/banner-8_VII-Congreso-1024x384.jpg 1024w, https:\/\/alejandrodelasota.org\/wp-content\/uploads\/2023\/11\/banner-8_VII-Congreso-300x113.jpg 300w, https:\/\/alejandrodelasota.org\/wp-content\/uploads\/2023\/11\/banner-8_VII-Congreso-768x288.jpg 768w, https:\/\/alejandrodelasota.org\/wp-content\/uploads\/2023\/11\/banner-8_VII-Congreso-1536x577.jpg 1536w, https:\/\/alejandrodelasota.org\/wp-content\/uploads\/2023\/11\/banner-8_VII-Congreso-2048x769.jpg 2048w\" sizes=\"(max-width: 1024px) 100vw, 1024px\" \/><\/p>\n","protected":false},"excerpt":{"rendered":"<p>La Fundaci\u00f3n Alejandro de la Sota, en colaboraci\u00f3n con el Ministerio de Transportes, Movilidad y Agenda Urbana (MITMA) y el C\u00edrculo de Bellas Artes, celebrar\u00e1 el pr\u00f3ximo mayo de 2024 el VIII Congreso Internacional Pioneros de la Arquitectura Moderna Espa\u00f1ola, que llevar\u00e1 por t\u00edtulo: Integraci\u00f3n en el entorno. Como en anteriores ediciones, el Congreso se [&hellip;]<\/p>\n","protected":false},"author":1,"featured_media":3809,"comment_status":"open","ping_status":"open","sticky":false,"template":"","format":"standard","meta":[],"categories":[7,128],"tags":[],"_links":{"self":[{"href":"https:\/\/alejandrodelasota.org\/en\/wp-json\/wp\/v2\/posts\/3808"}],"collection":[{"href":"https:\/\/alejandrodelasota.org\/en\/wp-json\/wp\/v2\/posts"}],"about":[{"href":"https:\/\/alejandrodelasota.org\/en\/wp-json\/wp\/v2\/types\/post"}],"author":[{"embeddable":true,"href":"https:\/\/alejandrodelasota.org\/en\/wp-json\/wp\/v2\/users\/1"}],"replies":[{"embeddable":true,"href":"https:\/\/alejandrodelasota.org\/en\/wp-json\/wp\/v2\/comments?post=3808"}],"version-history":[{"count":2,"href":"https:\/\/alejandrodelasota.org\/en\/wp-json\/wp\/v2\/posts\/3808\/revisions"}],"predecessor-version":[{"id":3848,"href":"https:\/\/alejandrodelasota.org\/en\/wp-json\/wp\/v2\/posts\/3808\/revisions\/3848"}],"wp:featuredmedia":[{"embeddable":true,"href":"https:\/\/alejandrodelasota.org\/en\/wp-json\/wp\/v2\/media\/3809"}],"wp:attachment":[{"href":"https:\/\/alejandrodelasota.org\/en\/wp-json\/wp\/v2\/media?parent=3808"}],"wp:term":[{"taxonomy":"category","embeddable":true,"href":"https:\/\/alejandrodelasota.org\/en\/wp-json\/wp\/v2\/categories?post=3808"},{"taxonomy":"post_tag","embeddable":true,"href":"https:\/\/alejandrodelasota.org\/en\/wp-json\/wp\/v2\/tags?post=3808"}],"curies":[{"name":"wp","href":"https:\/\/api.w.org\/{rel}","templated":true}]}}