{"id":3771,"date":"2023-09-21T13:52:54","date_gmt":"2023-09-21T11:52:54","guid":{"rendered":"https:\/\/alejandrodelasota.org\/?p=3771"},"modified":"2023-09-21T13:52:54","modified_gmt":"2023-09-21T11:52:54","slug":"visitas-guiadas-en-agenda-arquitectura","status":"publish","type":"post","link":"https:\/\/alejandrodelasota.org\/en\/visitas-guiadas-en-agenda-arquitectura\/","title":{"rendered":"VISITAS GUIADAS EN AGENDA ARQUITECTURA"},"content":{"rendered":"<p><img loading=\"lazy\" src=\"https:\/\/alejandrodelasota.org\/wp-content\/uploads\/2023\/09\/agenda-1024x1009.jpg\" alt=\"\" width=\"1024\" height=\"1009\" class=\"aligncenter size-large wp-image-3772\" srcset=\"https:\/\/alejandrodelasota.org\/wp-content\/uploads\/2023\/09\/agenda-1024x1009.jpg 1024w, https:\/\/alejandrodelasota.org\/wp-content\/uploads\/2023\/09\/agenda-300x296.jpg 300w, https:\/\/alejandrodelasota.org\/wp-content\/uploads\/2023\/09\/agenda-768x757.jpg 768w, https:\/\/alejandrodelasota.org\/wp-content\/uploads\/2023\/09\/agenda.jpg 1350w\" sizes=\"(max-width: 1024px) 100vw, 1024px\" \/><\/p>\n<p>Una de las actividades que m\u00e1s disfrutamos desde hace a\u00f1os es la de organizar diferentes visitas guiadas a edificios como el Gimnasio Maravillas, el Colegio Mayor C\u00e9sar Carlos y la Fundaci\u00f3n Alejandro de la Sota. All\u00ed no solo recorremos con vosotros los diferentes espacios de cada proyecto, tambi\u00e9n dialogamos sobre las decisiones que se tomaron desde que fueron concebidos, haciendo especial \u00e9nfasis en ciertos detalles que podr\u00edan pasar desapercibidos. <\/p>\n<p>Dichas visitas acaban de ser incorporadas a la Agenda Arquitectura, desarrollada por el CSCAE, seg\u00fan el convenio que firmamos con ellos el pasado mes de julio. Esta acci\u00f3n no solo sirve para difundir la arquitectura moderna de nuestro pa\u00eds. Tambi\u00e9n ayuda a comprender de primera mano, a quienes os anim\u00e1is a participar en ellas, la importancia del ambiente de la que siempre hablaba don Alejandro.<\/p>\n<p>\u00b7 Puedes acceder a ellas desde aqu\u00ed: <a href=\"https:\/\/www.agendaarquitectura.es\/agenda\" rel=\"noopener\" target=\"_blank\">https:\/\/www.agendaarquitectura.es\/agenda<\/a> <\/p>\n","protected":false},"excerpt":{"rendered":"<p>Una de las actividades que m\u00e1s disfrutamos desde hace a\u00f1os es la de organizar diferentes visitas guiadas a edificios como el Gimnasio Maravillas, el Colegio Mayor C\u00e9sar Carlos y la Fundaci\u00f3n Alejandro de la Sota. All\u00ed no solo recorremos con vosotros los diferentes espacios de cada proyecto, tambi\u00e9n dialogamos sobre las decisiones que se tomaron [&hellip;]<\/p>\n","protected":false},"author":1,"featured_media":3772,"comment_status":"open","ping_status":"open","sticky":false,"template":"","format":"standard","meta":[],"categories":[7,1],"tags":[],"_links":{"self":[{"href":"https:\/\/alejandrodelasota.org\/en\/wp-json\/wp\/v2\/posts\/3771"}],"collection":[{"href":"https:\/\/alejandrodelasota.org\/en\/wp-json\/wp\/v2\/posts"}],"about":[{"href":"https:\/\/alejandrodelasota.org\/en\/wp-json\/wp\/v2\/types\/post"}],"author":[{"embeddable":true,"href":"https:\/\/alejandrodelasota.org\/en\/wp-json\/wp\/v2\/users\/1"}],"replies":[{"embeddable":true,"href":"https:\/\/alejandrodelasota.org\/en\/wp-json\/wp\/v2\/comments?post=3771"}],"version-history":[{"count":1,"href":"https:\/\/alejandrodelasota.org\/en\/wp-json\/wp\/v2\/posts\/3771\/revisions"}],"predecessor-version":[{"id":3773,"href":"https:\/\/alejandrodelasota.org\/en\/wp-json\/wp\/v2\/posts\/3771\/revisions\/3773"}],"wp:featuredmedia":[{"embeddable":true,"href":"https:\/\/alejandrodelasota.org\/en\/wp-json\/wp\/v2\/media\/3772"}],"wp:attachment":[{"href":"https:\/\/alejandrodelasota.org\/en\/wp-json\/wp\/v2\/media?parent=3771"}],"wp:term":[{"taxonomy":"category","embeddable":true,"href":"https:\/\/alejandrodelasota.org\/en\/wp-json\/wp\/v2\/categories?post=3771"},{"taxonomy":"post_tag","embeddable":true,"href":"https:\/\/alejandrodelasota.org\/en\/wp-json\/wp\/v2\/tags?post=3771"}],"curies":[{"name":"wp","href":"https:\/\/api.w.org\/{rel}","templated":true}]}}