{"id":3713,"date":"2023-05-12T20:12:01","date_gmt":"2023-05-12T18:12:01","guid":{"rendered":"https:\/\/alejandrodelasota.org\/?p=3713"},"modified":"2023-05-12T20:12:28","modified_gmt":"2023-05-12T18:12:28","slug":"presentacion-de-monografia-2g-alejandro-de-la-sota","status":"publish","type":"post","link":"https:\/\/alejandrodelasota.org\/en\/presentacion-de-monografia-2g-alejandro-de-la-sota\/","title":{"rendered":"PRESENTACI\u00d3N DE MONOGRAF\u00cdA 2G: ALEJANDRO DE LA SOTA"},"content":{"rendered":"<p><img loading=\"lazy\" src=\"https:\/\/alejandrodelasota.org\/wp-content\/uploads\/2023\/05\/230602-imagen-alejandro-de-la-sota-760.jpg\" alt=\"\" width=\"760\" height=\"450\" class=\"aligncenter size-full wp-image-3714\" srcset=\"https:\/\/alejandrodelasota.org\/wp-content\/uploads\/2023\/05\/230602-imagen-alejandro-de-la-sota-760.jpg 760w, https:\/\/alejandrodelasota.org\/wp-content\/uploads\/2023\/05\/230602-imagen-alejandro-de-la-sota-760-300x178.jpg 300w\" sizes=\"(max-width: 760px) 100vw, 760px\" \/><\/p>\n<p>Estamos emocionados de anunciaros que, <strong>el pr\u00f3ximo 23 de mayo a las 19 horas<\/strong>, vamos a presentar la \u00faltima Monograf\u00eda dedicada a Alejandro de la Sota, editada por 2G.<\/p>\n<p>El evento se celebrar\u00e1 en la Sala Triangular del Colegio Oficial de Arquitectos de Madrid y contaremos con unos participantes de lujo:<\/p>\n<p>&#8211; Ramon Andrada, arquitecto y vocal de la Junta de Gobierno COAM.<br \/>\n&#8211; Mois\u00e9s Puente, arquitecto y editor.<br \/>\n&#8211; Victor L\u00f3pez Cotelo, arquitecto y catedr\u00e1tico de Proyectos e Intervenci\u00f3n en el Patrimonio.<br \/>\n&#8211; Juan Mera, arquitecto y director de la Escuela de Arquitectura de Toledo.<br \/>\n&#8211; Teresa Couceiro, arquitecta y directora de la Fundaci\u00f3n Alejandro de la Sota.<\/p>\n<p>Este n\u00famero monogr\u00e1fico cuenta con sus principales obras, construidas y proyectas, as\u00ed como los muebles que dise\u00f1\u00f3 durante su etapa como profesional. Sus escritos tambi\u00e9n forman parte de la publicaci\u00f3n y explican muy bien tanto su filosof\u00eda como los valores que han perdurado en el tiempo. Ambos reflejan la pasi\u00f3n que sent\u00eda por la arquitectura y la importancia que daba a la disciplina en el bienestar de nuestra sociedad. All\u00ed mismo dispondremos de ejemplares para que pod\u00e1is haceros con uno si todav\u00eda no lo ten\u00e9is.  <\/p>\n<p>Nos gustar\u00eda tambi\u00e9n agradecer al COAM la oportunidad que nos brinda de compartir este momento tan se\u00f1alado con todos vosotros.<br \/>\nOs animamos a que <strong>os inscrib\u00e1is<\/strong> a trav\u00e9s del siguiente enlace: <a href=\"https:\/\/www.coam.org\/es\/inscripciones-web\/269771\" rel=\"noopener\" target=\"_blank\">https:\/\/www.coam.org\/es\/inscripciones-web\/269771<\/a><\/p>\n","protected":false},"excerpt":{"rendered":"<p>Estamos emocionados de anunciaros que, el pr\u00f3ximo 23 de mayo a las 19 horas, vamos a presentar la \u00faltima Monograf\u00eda dedicada a Alejandro de la Sota, editada por 2G. El evento se celebrar\u00e1 en la Sala Triangular del Colegio Oficial de Arquitectos de Madrid y contaremos con unos participantes de lujo: &#8211; Ramon Andrada, arquitecto [&hellip;]<\/p>\n","protected":false},"author":1,"featured_media":3714,"comment_status":"open","ping_status":"open","sticky":false,"template":"","format":"standard","meta":[],"categories":[7,1,59],"tags":[],"_links":{"self":[{"href":"https:\/\/alejandrodelasota.org\/en\/wp-json\/wp\/v2\/posts\/3713"}],"collection":[{"href":"https:\/\/alejandrodelasota.org\/en\/wp-json\/wp\/v2\/posts"}],"about":[{"href":"https:\/\/alejandrodelasota.org\/en\/wp-json\/wp\/v2\/types\/post"}],"author":[{"embeddable":true,"href":"https:\/\/alejandrodelasota.org\/en\/wp-json\/wp\/v2\/users\/1"}],"replies":[{"embeddable":true,"href":"https:\/\/alejandrodelasota.org\/en\/wp-json\/wp\/v2\/comments?post=3713"}],"version-history":[{"count":3,"href":"https:\/\/alejandrodelasota.org\/en\/wp-json\/wp\/v2\/posts\/3713\/revisions"}],"predecessor-version":[{"id":3717,"href":"https:\/\/alejandrodelasota.org\/en\/wp-json\/wp\/v2\/posts\/3713\/revisions\/3717"}],"wp:featuredmedia":[{"embeddable":true,"href":"https:\/\/alejandrodelasota.org\/en\/wp-json\/wp\/v2\/media\/3714"}],"wp:attachment":[{"href":"https:\/\/alejandrodelasota.org\/en\/wp-json\/wp\/v2\/media?parent=3713"}],"wp:term":[{"taxonomy":"category","embeddable":true,"href":"https:\/\/alejandrodelasota.org\/en\/wp-json\/wp\/v2\/categories?post=3713"},{"taxonomy":"post_tag","embeddable":true,"href":"https:\/\/alejandrodelasota.org\/en\/wp-json\/wp\/v2\/tags?post=3713"}],"curies":[{"name":"wp","href":"https:\/\/api.w.org\/{rel}","templated":true}]}}