{"id":3694,"date":"2023-05-03T14:06:00","date_gmt":"2023-05-03T12:06:00","guid":{"rendered":"https:\/\/alejandrodelasota.org\/?p=3694"},"modified":"2023-05-04T11:45:25","modified_gmt":"2023-05-04T09:45:25","slug":"arquitectura-y-alma","status":"publish","type":"post","link":"https:\/\/alejandrodelasota.org\/en\/arquitectura-y-alma\/","title":{"rendered":"Arquitectura y alma"},"content":{"rendered":"<p><img loading=\"lazy\" src=\"https:\/\/alejandrodelasota.org\/wp-content\/uploads\/2023\/05\/57_c_fo_d60_lg1-663x1024-1.jpg\" alt=\"\" width=\"663\" height=\"1024\" class=\"aligncenter size-full wp-image-3695\" srcset=\"https:\/\/alejandrodelasota.org\/wp-content\/uploads\/2023\/05\/57_c_fo_d60_lg1-663x1024-1.jpg 663w, https:\/\/alejandrodelasota.org\/wp-content\/uploads\/2023\/05\/57_c_fo_d60_lg1-663x1024-1-194x300.jpg 194w\" sizes=\"(max-width: 663px) 100vw, 663px\" \/><\/p>\n<p><img loading=\"lazy\" src=\"https:\/\/alejandrodelasota.org\/wp-content\/uploads\/2023\/05\/61_c_fo_d182_lg-690x1024-1.jpg\" alt=\"\" width=\"690\" height=\"1024\" class=\"aligncenter size-large wp-image-3696\" srcset=\"https:\/\/alejandrodelasota.org\/wp-content\/uploads\/2023\/05\/61_c_fo_d182_lg-690x1024-1.jpg 690w, https:\/\/alejandrodelasota.org\/wp-content\/uploads\/2023\/05\/61_c_fo_d182_lg-690x1024-1-202x300.jpg 202w\" sizes=\"(max-width: 690px) 100vw, 690px\" \/><\/p>\n<p>La semana pasada se public\u00f3 el sexto episodio de Arquitectura Acompasada, el podcast creado por el COAM de Madrid, y quisieron contar con nosotros. Lo dedicaron a la Central Lechera CLESA, reiterando lo importante que es proteger el edificio mediante su declaraci\u00f3n como Bien de Inter\u00e9s Cultural (BIC).<\/p>\n<p>Desde la Fundaci\u00f3n Alejandro de la Sota nos gustar\u00eda agradecer tanto la invitaci\u00f3n al programa, como la difusi\u00f3n de un mensaje tan necesario. Para nosotros es un orgullo seguir recibiendo apoyo con la situaci\u00f3n actual de la f\u00e1brica y confiamos en que los responsables de la decisi\u00f3n de otorgar la categor\u00eda de BIC reconsideren su decisi\u00f3n. A partir de dicho momento tocar\u00e1 canalizar las energ\u00edas para que se realice un proyecto del que Madrid, Espa\u00f1a y la sociedad en general se sienta orgullosa. La buena arquitectura es patrimonio cultural, riqueza y bienestar para todos nosotros.<\/p>\n<p>Pod\u00e9is escuchar el podcast aqu\u00ed: <a href=\"https:\/\/www.coam.org\/es\/podcast-coam\/episodio-06\" rel=\"noopener\" target=\"_blank\">https:\/\/www.coam.org\/es\/podcast-coam\/episodio-06<\/a> <\/p>\n<p>Tambi\u00e9n recibimos en Bret\u00f3n de los Herreros a la Fundaci\u00f3n Arquitectura Contempor\u00e1nea. Estuvimos charlando con ellos sobre arquitectura, difusi\u00f3n y conservaci\u00f3n de patrimonio. Y alma. Sobre todo, alma. Porque Alejandro de la Sota dec\u00eda que su trabajo no era hacer arquitectura, sino resolver problemas. Y porque defend\u00eda que no todo lo que se construye es arquitectura. Que la arquitectura es cuando se construye con alma.<\/p>\n<p>Pod\u00e9is leer aqu\u00ed la entrevista: <a href=\"https:\/\/www.arquitecturacontemporanea.org\/necesitamos-preservar-los-valores-de-obras-como-la-fabrica-clesa-entrevista-a-la-fundacion-alejandro-de-la-sota\" rel=\"noopener\" target=\"_blank\">https:\/\/www.arquitecturacontemporanea.org\/necesitamos-preservar-los-valores-de-obras-como-la-fabrica-clesa-entrevista-a-la-fundacion-alejandro-de-la-sota  <\/a><\/p>","protected":false},"excerpt":{"rendered":"<p>La semana pasada se public\u00f3 el sexto episodio de Arquitectura Acompasada, el podcast creado por el COAM de Madrid, y quisieron contar con nosotros. Lo dedicaron a la Central Lechera CLESA, reiterando lo importante que es proteger el edificio mediante su declaraci\u00f3n como Bien de Inter\u00e9s Cultural (BIC). Desde la Fundaci\u00f3n Alejandro de la Sota [&hellip;]<\/p>\n","protected":false},"author":1,"featured_media":3695,"comment_status":"open","ping_status":"open","sticky":false,"template":"","format":"standard","meta":[],"categories":[1,59],"tags":[],"_links":{"self":[{"href":"https:\/\/alejandrodelasota.org\/en\/wp-json\/wp\/v2\/posts\/3694"}],"collection":[{"href":"https:\/\/alejandrodelasota.org\/en\/wp-json\/wp\/v2\/posts"}],"about":[{"href":"https:\/\/alejandrodelasota.org\/en\/wp-json\/wp\/v2\/types\/post"}],"author":[{"embeddable":true,"href":"https:\/\/alejandrodelasota.org\/en\/wp-json\/wp\/v2\/users\/1"}],"replies":[{"embeddable":true,"href":"https:\/\/alejandrodelasota.org\/en\/wp-json\/wp\/v2\/comments?post=3694"}],"version-history":[{"count":4,"href":"https:\/\/alejandrodelasota.org\/en\/wp-json\/wp\/v2\/posts\/3694\/revisions"}],"predecessor-version":[{"id":3701,"href":"https:\/\/alejandrodelasota.org\/en\/wp-json\/wp\/v2\/posts\/3694\/revisions\/3701"}],"wp:featuredmedia":[{"embeddable":true,"href":"https:\/\/alejandrodelasota.org\/en\/wp-json\/wp\/v2\/media\/3695"}],"wp:attachment":[{"href":"https:\/\/alejandrodelasota.org\/en\/wp-json\/wp\/v2\/media?parent=3694"}],"wp:term":[{"taxonomy":"category","embeddable":true,"href":"https:\/\/alejandrodelasota.org\/en\/wp-json\/wp\/v2\/categories?post=3694"},{"taxonomy":"post_tag","embeddable":true,"href":"https:\/\/alejandrodelasota.org\/en\/wp-json\/wp\/v2\/tags?post=3694"}],"curies":[{"name":"wp","href":"https:\/\/api.w.org\/{rel}","templated":true}]}}