{"id":3602,"date":"2022-12-05T11:13:52","date_gmt":"2022-12-05T09:13:52","guid":{"rendered":"https:\/\/alejandrodelasota.org\/?p=3602"},"modified":"2022-12-05T11:44:51","modified_gmt":"2022-12-05T09:44:51","slug":"el-sol-la-cal-y-la-sal","status":"publish","type":"post","link":"https:\/\/alejandrodelasota.org\/en\/el-sol-la-cal-y-la-sal\/","title":{"rendered":"\u2014EL SOL, LA CAL Y LA SAL\u2014"},"content":{"rendered":"<p>En 1955 se instalaron los primeros colonos de Esquivel. Casi 70 a\u00f1os despu\u00e9s, regresamos al poblado que proyect\u00f3 Alejandro de la Sota en la provincia de Sevilla, en una jornada cultural organizada por los vecinos.<\/p>\n<p>Lo m\u00e1s bonito de la visita fue comprobar el enfoque que tienen del pueblo sus propios habitantes, el respeto a la vida rural y el cari\u00f1o que se tienen como comunidad. Don Alejandro siempre dec\u00eda que \u00abLa importancia de la arquitectura no es otra que la del ambiente que crea. Un ambiente es conformador de conductas\u00bb. Y esta filosof\u00eda se transmite a la perfecci\u00f3n en Esquivel. Tanto la arquitectura como el urbanismo inciden directamente en la vida de sus habitantes. Y el discurso en primera persona del que nos hablan sus vecinos tiene el valor de ser contado desde la propia experiencia.<\/p>\n<p>El dise\u00f1o de las viviendas particulares y el de los espacios p\u00fablicos ten\u00eda un cometido. Y ese es precisamente el ambiente que se respira cuando visitas el poblado: paz y tranquilidad. Y cercan\u00eda. Y complicidad. Los pobladores de Esquivel son una gran familia que camina en la misma direcci\u00f3n. Estos principios que inspiraron el proyecto inicial siguen siendo actuales y necesarios en nuestra sociedad y todav\u00eda pueden inspirar a quienes se encargan de dise\u00f1ar espacios habitables y ciudades.<\/p>\n<p>Desde la Fundaci\u00f3n Alejandro de la Sota nos gustar\u00eda agradecer tanto a la Asociaci\u00f3n Surarte, la Diputaci\u00f3n de Sevilla y el Ayuntamiento de Alcal\u00e1 del R\u00edo, como a todos los asistentes a la jornada de puertas abiertas su participaci\u00f3n, as\u00ed como al COAS (Colegio Oficial de Arquitectos de Sevilla) y el IAPH (Instituto Andaluz de Patrimonio Hist\u00f3rico). Y sobre todo a Laureano Carbonell y los vecinos de Esquivel, por abrirnos las puertas de sus hogares y contarnos de primera mano c\u00f3mo conviven en comunidad.<\/p>\n<p><strong>\u00b7 Puedes ver aqu\u00ed el <a href=\"https:\/\/youtu.be\/ckGNWqc2oE8\" rel=\"noopener\" target=\"_blank\">V\u00cdDEO<\/a><\/strong> <\/p>\n<p><img loading=\"lazy\" src=\"https:\/\/alejandrodelasota.org\/wp-content\/uploads\/2022\/12\/1.jpg\" alt=\"\" width=\"768\" height=\"1024\" class=\"aligncenter size-full wp-image-3603\" srcset=\"https:\/\/alejandrodelasota.org\/wp-content\/uploads\/2022\/12\/1.jpg 768w, https:\/\/alejandrodelasota.org\/wp-content\/uploads\/2022\/12\/1-225x300.jpg 225w\" sizes=\"(max-width: 768px) 100vw, 768px\" \/><\/p>\n<p><img loading=\"lazy\" src=\"https:\/\/alejandrodelasota.org\/wp-content\/uploads\/2022\/12\/3.jpg\" alt=\"\" width=\"1024\" height=\"621\" class=\"aligncenter size-full wp-image-3605\" srcset=\"https:\/\/alejandrodelasota.org\/wp-content\/uploads\/2022\/12\/3.jpg 1024w, https:\/\/alejandrodelasota.org\/wp-content\/uploads\/2022\/12\/3-300x182.jpg 300w, https:\/\/alejandrodelasota.org\/wp-content\/uploads\/2022\/12\/3-768x466.jpg 768w\" sizes=\"(max-width: 1024px) 100vw, 1024px\" \/><\/p>\n<p><img loading=\"lazy\" src=\"https:\/\/alejandrodelasota.org\/wp-content\/uploads\/2022\/12\/IMG_3596-1024x768.jpg\" alt=\"\" width=\"1024\" height=\"768\" class=\"aligncenter size-large wp-image-3614\" srcset=\"https:\/\/alejandrodelasota.org\/wp-content\/uploads\/2022\/12\/IMG_3596-1024x768.jpg 1024w, https:\/\/alejandrodelasota.org\/wp-content\/uploads\/2022\/12\/IMG_3596-300x225.jpg 300w, https:\/\/alejandrodelasota.org\/wp-content\/uploads\/2022\/12\/IMG_3596-768x576.jpg 768w, https:\/\/alejandrodelasota.org\/wp-content\/uploads\/2022\/12\/IMG_3596-1536x1152.jpg 1536w, https:\/\/alejandrodelasota.org\/wp-content\/uploads\/2022\/12\/IMG_3596.jpg 2016w\" sizes=\"(max-width: 1024px) 100vw, 1024px\" \/><\/p>\n<p><img loading=\"lazy\" src=\"https:\/\/alejandrodelasota.org\/wp-content\/uploads\/2022\/12\/4.jpg\" alt=\"\" width=\"1024\" height=\"768\" class=\"aligncenter size-full wp-image-3606\" srcset=\"https:\/\/alejandrodelasota.org\/wp-content\/uploads\/2022\/12\/4.jpg 1024w, https:\/\/alejandrodelasota.org\/wp-content\/uploads\/2022\/12\/4-300x225.jpg 300w, https:\/\/alejandrodelasota.org\/wp-content\/uploads\/2022\/12\/4-768x576.jpg 768w\" sizes=\"(max-width: 1024px) 100vw, 1024px\" \/><\/p>\n","protected":false},"excerpt":{"rendered":"<p>En 1955 se instalaron los primeros colonos de Esquivel. Casi 70 a\u00f1os despu\u00e9s, regresamos al poblado que proyect\u00f3 Alejandro de la Sota en la provincia de Sevilla, en una jornada cultural organizada por los vecinos. Lo m\u00e1s bonito de la visita fue comprobar el enfoque que tienen del pueblo sus propios habitantes, el respeto a [&hellip;]<\/p>\n","protected":false},"author":1,"featured_media":3603,"comment_status":"open","ping_status":"open","sticky":false,"template":"","format":"standard","meta":[],"categories":[7],"tags":[],"_links":{"self":[{"href":"https:\/\/alejandrodelasota.org\/en\/wp-json\/wp\/v2\/posts\/3602"}],"collection":[{"href":"https:\/\/alejandrodelasota.org\/en\/wp-json\/wp\/v2\/posts"}],"about":[{"href":"https:\/\/alejandrodelasota.org\/en\/wp-json\/wp\/v2\/types\/post"}],"author":[{"embeddable":true,"href":"https:\/\/alejandrodelasota.org\/en\/wp-json\/wp\/v2\/users\/1"}],"replies":[{"embeddable":true,"href":"https:\/\/alejandrodelasota.org\/en\/wp-json\/wp\/v2\/comments?post=3602"}],"version-history":[{"count":4,"href":"https:\/\/alejandrodelasota.org\/en\/wp-json\/wp\/v2\/posts\/3602\/revisions"}],"predecessor-version":[{"id":3615,"href":"https:\/\/alejandrodelasota.org\/en\/wp-json\/wp\/v2\/posts\/3602\/revisions\/3615"}],"wp:featuredmedia":[{"embeddable":true,"href":"https:\/\/alejandrodelasota.org\/en\/wp-json\/wp\/v2\/media\/3603"}],"wp:attachment":[{"href":"https:\/\/alejandrodelasota.org\/en\/wp-json\/wp\/v2\/media?parent=3602"}],"wp:term":[{"taxonomy":"category","embeddable":true,"href":"https:\/\/alejandrodelasota.org\/en\/wp-json\/wp\/v2\/categories?post=3602"},{"taxonomy":"post_tag","embeddable":true,"href":"https:\/\/alejandrodelasota.org\/en\/wp-json\/wp\/v2\/tags?post=3602"}],"curies":[{"name":"wp","href":"https:\/\/api.w.org\/{rel}","templated":true}]}}