{"id":3587,"date":"2022-10-06T17:27:54","date_gmt":"2022-10-06T15:27:54","guid":{"rendered":"https:\/\/alejandrodelasota.org\/?p=3587"},"modified":"2022-10-06T17:27:54","modified_gmt":"2022-10-06T15:27:54","slug":"placa-docomomo-en-la-facultad-de-matematicas","status":"publish","type":"post","link":"https:\/\/alejandrodelasota.org\/en\/placa-docomomo-en-la-facultad-de-matematicas\/","title":{"rendered":"\u2014PLACA DOCOMOMO EN LA FACULTAD DE MATEM\u00c1TICAS\u2014"},"content":{"rendered":"<p><img loading=\"lazy\" src=\"https:\/\/alejandrodelasota.org\/wp-content\/uploads\/2022\/10\/72_D_FO_D_28_lg-1016x1024.jpg\" alt=\"\" width=\"1016\" height=\"1024\" class=\"aligncenter size-large wp-image-3588\" srcset=\"https:\/\/alejandrodelasota.org\/wp-content\/uploads\/2022\/10\/72_D_FO_D_28_lg-1016x1024.jpg 1016w, https:\/\/alejandrodelasota.org\/wp-content\/uploads\/2022\/10\/72_D_FO_D_28_lg-298x300.jpg 298w, https:\/\/alejandrodelasota.org\/wp-content\/uploads\/2022\/10\/72_D_FO_D_28_lg-150x150.jpg 150w, https:\/\/alejandrodelasota.org\/wp-content\/uploads\/2022\/10\/72_D_FO_D_28_lg-768x774.jpg 768w, https:\/\/alejandrodelasota.org\/wp-content\/uploads\/2022\/10\/72_D_FO_D_28_lg.jpg 1350w\" sizes=\"(max-width: 1016px) 100vw, 1016px\" \/><\/p>\n<p>En la Fundaci\u00f3n estamos de enhorabuena. El pasado martes 4 de octubre, la Facultad de Matem\u00e1ticas de la Universidad de Sevilla recibi\u00f3 una placa que la acredita como construcci\u00f3n catalogada dentro del DOCOMOMO Ib\u00e9rico. Esta instituci\u00f3n se encarga de inventariar, divulgar y proteger el patrimonio arquitect\u00f3nico en la pen\u00ednsula ib\u00e9rica.<\/p>\n<p>El edificio, proyectado por Alejandro de la Sota en 1972, recibe as\u00ed uno de los mayores reconocimientos de la arquitectura del movimiento moderno. En el acto estuvieron presentes Cristina Murillo, decana del COAS, y Juan Jos\u00e9 Primo, director del Instituto Andaluz del Patrimonio Hist\u00f3rico, acompa\u00f1ados por miembros del equipo de gobierno de la Universidad de Sevilla y de la Facultad de Matem\u00e1ticas.<\/p>\n<p>Para nosotros es un verdadero honor ser part\u00edcipes de esta distinci\u00f3n, que reconoce el edificio como una parte importante de la cultura del siglo XX y supone una llamada de atenci\u00f3n sobre la fragilidad de nuestro patrimonio. Junto a la Facultad de Matem\u00e1ticas, Premio Nacional de Arquitectura en 1974, otros veinticinco edificios han recibido la placa informativa que acredita su inclusi\u00f3n en el Registro DOCOMOMO Ib\u00e9rico.<\/p>\n<p>\u00b7 Puedes conocer el listado aqu\u00ed: <a href=\"https:\/\/bit.ly\/3eftpqg\" rel=\"noopener\" target=\"_blank\">https:\/\/bit.ly\/3eftpqg<\/a><br \/>\n<\/p>","protected":false},"excerpt":{"rendered":"<p>En la Fundaci\u00f3n estamos de enhorabuena. El pasado martes 4 de octubre, la Facultad de Matem\u00e1ticas de la Universidad de Sevilla recibi\u00f3 una placa que la acredita como construcci\u00f3n catalogada dentro del DOCOMOMO Ib\u00e9rico. Esta instituci\u00f3n se encarga de inventariar, divulgar y proteger el patrimonio arquitect\u00f3nico en la pen\u00ednsula ib\u00e9rica. El edificio, proyectado por Alejandro [&hellip;]<\/p>\n","protected":false},"author":1,"featured_media":3588,"comment_status":"open","ping_status":"open","sticky":false,"template":"","format":"standard","meta":[],"categories":[1],"tags":[],"_links":{"self":[{"href":"https:\/\/alejandrodelasota.org\/en\/wp-json\/wp\/v2\/posts\/3587"}],"collection":[{"href":"https:\/\/alejandrodelasota.org\/en\/wp-json\/wp\/v2\/posts"}],"about":[{"href":"https:\/\/alejandrodelasota.org\/en\/wp-json\/wp\/v2\/types\/post"}],"author":[{"embeddable":true,"href":"https:\/\/alejandrodelasota.org\/en\/wp-json\/wp\/v2\/users\/1"}],"replies":[{"embeddable":true,"href":"https:\/\/alejandrodelasota.org\/en\/wp-json\/wp\/v2\/comments?post=3587"}],"version-history":[{"count":1,"href":"https:\/\/alejandrodelasota.org\/en\/wp-json\/wp\/v2\/posts\/3587\/revisions"}],"predecessor-version":[{"id":3589,"href":"https:\/\/alejandrodelasota.org\/en\/wp-json\/wp\/v2\/posts\/3587\/revisions\/3589"}],"wp:featuredmedia":[{"embeddable":true,"href":"https:\/\/alejandrodelasota.org\/en\/wp-json\/wp\/v2\/media\/3588"}],"wp:attachment":[{"href":"https:\/\/alejandrodelasota.org\/en\/wp-json\/wp\/v2\/media?parent=3587"}],"wp:term":[{"taxonomy":"category","embeddable":true,"href":"https:\/\/alejandrodelasota.org\/en\/wp-json\/wp\/v2\/categories?post=3587"},{"taxonomy":"post_tag","embeddable":true,"href":"https:\/\/alejandrodelasota.org\/en\/wp-json\/wp\/v2\/tags?post=3587"}],"curies":[{"name":"wp","href":"https:\/\/api.w.org\/{rel}","templated":true}]}}