{"id":3582,"date":"2022-10-05T13:14:14","date_gmt":"2022-10-05T11:14:14","guid":{"rendered":"https:\/\/alejandrodelasota.org\/?p=3582"},"modified":"2022-10-05T13:15:55","modified_gmt":"2022-10-05T11:15:55","slug":"publicacion-del-septimo-numero-de-la-coleccion-pioneros-de-la-arquitectura-moderna-espanola","status":"publish","type":"post","link":"https:\/\/alejandrodelasota.org\/en\/publicacion-del-septimo-numero-de-la-coleccion-pioneros-de-la-arquitectura-moderna-espanola\/","title":{"rendered":"\u2014PUBLICACI\u00d3N DEL S\u00c9PTIMO N\u00daMERO DE LA COLECCI\u00d3N \u201cPIONEROS DE LA ARQUITECTURA MODERNA ESPA\u00d1OLA\u201d\u2014"},"content":{"rendered":"<p><img loading=\"lazy\" src=\"https:\/\/alejandrodelasota.org\/wp-content\/uploads\/2022\/10\/309569536_5935328736477719_3764815985742098945_n.jpg\" alt=\"\" width=\"1025\" height=\"768\" class=\"aligncenter size-full wp-image-3583\" srcset=\"https:\/\/alejandrodelasota.org\/wp-content\/uploads\/2022\/10\/309569536_5935328736477719_3764815985742098945_n.jpg 1025w, https:\/\/alejandrodelasota.org\/wp-content\/uploads\/2022\/10\/309569536_5935328736477719_3764815985742098945_n-300x225.jpg 300w, https:\/\/alejandrodelasota.org\/wp-content\/uploads\/2022\/10\/309569536_5935328736477719_3764815985742098945_n-768x575.jpg 768w\" sizes=\"(max-width: 1025px) 100vw, 1025px\" \/><\/p>\n<p>Ya se encuentra disponible para todos vosotros la publicaci\u00f3n del VII Congreso Internacional Pioneros de la Arquitectura Moderna Espa\u00f1ola: El espacio entre interior y exterior. En ella se recogen todas las comunicaciones seleccionadas para el Congreso, organizado por la Fundaci\u00f3n Alejandro de la Sota en colaboraci\u00f3n con el Ministerio de Transportes, Movilidad y Agenda Urbana, as\u00ed como los art\u00edculos escritos por los moderadores de cada mesa. Tambi\u00e9n se puede encontrar un listado final con las comunicaciones aceptadas, que fueron publicadas en las actas digitales del Congreso.<\/p>\n<p>El objetivo de esta edici\u00f3n del Congreso consisti\u00f3 en analizar una obra o un proyecto donde se pusiera de manifiesto la relevancia de los espacios intermedios de articulaci\u00f3n entre lo construido y su espacio exterior. En estas jornadas disfrutamos de obras fundamentales de la arquitectura moderna espa\u00f1ola, que dieron lugar a un interesante debate y reflexi\u00f3n sobre las aportaciones que hacen que dichos proyectos sean considerados modelos de referencia. <\/p>\n<p>Este a\u00f1o, continuando con la filosof\u00eda que comenzamos el a\u00f1o pasado de acercar el Congreso a todo el p\u00fablico, tambi\u00e9n recopilamos las ponencias y debates en formato digital. Tanto los v\u00eddeos de las ponencias como la publicaci\u00f3n ya se encuentran en la p\u00e1gina web https:\/\/congresopionerosarquitectos.com\/ a trav\u00e9s de los siguientes enlaces:<\/p>\n<p>\u00b7 V\u00eddeos: https:\/\/bit.ly\/3fg5Duh<br \/>\n\u00b7 Publicaci\u00f3n: https:\/\/bit.ly\/3dL4pXH<\/p>","protected":false},"excerpt":{"rendered":"<p>Ya se encuentra disponible para todos vosotros la publicaci\u00f3n del VII Congreso Internacional Pioneros de la Arquitectura Moderna Espa\u00f1ola: El espacio entre interior y exterior. En ella se recogen todas las comunicaciones seleccionadas para el Congreso, organizado por la Fundaci\u00f3n Alejandro de la Sota en colaboraci\u00f3n con el Ministerio de Transportes, Movilidad y Agenda Urbana, [&hellip;]<\/p>\n","protected":false},"author":1,"featured_media":3583,"comment_status":"open","ping_status":"open","sticky":false,"template":"","format":"standard","meta":[],"categories":[7,128],"tags":[],"_links":{"self":[{"href":"https:\/\/alejandrodelasota.org\/en\/wp-json\/wp\/v2\/posts\/3582"}],"collection":[{"href":"https:\/\/alejandrodelasota.org\/en\/wp-json\/wp\/v2\/posts"}],"about":[{"href":"https:\/\/alejandrodelasota.org\/en\/wp-json\/wp\/v2\/types\/post"}],"author":[{"embeddable":true,"href":"https:\/\/alejandrodelasota.org\/en\/wp-json\/wp\/v2\/users\/1"}],"replies":[{"embeddable":true,"href":"https:\/\/alejandrodelasota.org\/en\/wp-json\/wp\/v2\/comments?post=3582"}],"version-history":[{"count":3,"href":"https:\/\/alejandrodelasota.org\/en\/wp-json\/wp\/v2\/posts\/3582\/revisions"}],"predecessor-version":[{"id":3586,"href":"https:\/\/alejandrodelasota.org\/en\/wp-json\/wp\/v2\/posts\/3582\/revisions\/3586"}],"wp:featuredmedia":[{"embeddable":true,"href":"https:\/\/alejandrodelasota.org\/en\/wp-json\/wp\/v2\/media\/3583"}],"wp:attachment":[{"href":"https:\/\/alejandrodelasota.org\/en\/wp-json\/wp\/v2\/media?parent=3582"}],"wp:term":[{"taxonomy":"category","embeddable":true,"href":"https:\/\/alejandrodelasota.org\/en\/wp-json\/wp\/v2\/categories?post=3582"},{"taxonomy":"post_tag","embeddable":true,"href":"https:\/\/alejandrodelasota.org\/en\/wp-json\/wp\/v2\/tags?post=3582"}],"curies":[{"name":"wp","href":"https:\/\/api.w.org\/{rel}","templated":true}]}}