{"id":3533,"date":"2022-06-24T09:06:49","date_gmt":"2022-06-24T07:06:49","guid":{"rendered":"https:\/\/alejandrodelasota.org\/?p=3533"},"modified":"2022-06-24T09:08:00","modified_gmt":"2022-06-24T07:08:00","slug":"publicacion-de-videos-y-comunicaciones-en-el-portal-web-del-congreso-pioneros","status":"publish","type":"post","link":"https:\/\/alejandrodelasota.org\/en\/publicacion-de-videos-y-comunicaciones-en-el-portal-web-del-congreso-pioneros\/","title":{"rendered":"\u2014PUBLICACI\u00d3N DE V\u00cdDEOS Y COMUNICACIONES EN EL PORTAL WEB DEL CONGRESO PIONEROS\u2014"},"content":{"rendered":"<p><img loading=\"lazy\" class=\"aligncenter size-large wp-image-3534\" src=\"https:\/\/alejandrodelasota.org\/wp-content\/uploads\/2022\/06\/289754778_5659908630686399_7975653446416953209_n-1024x529.png\" alt=\"\" width=\"1024\" height=\"529\" srcset=\"https:\/\/alejandrodelasota.org\/wp-content\/uploads\/2022\/06\/289754778_5659908630686399_7975653446416953209_n-1024x529.png 1024w, https:\/\/alejandrodelasota.org\/wp-content\/uploads\/2022\/06\/289754778_5659908630686399_7975653446416953209_n-300x155.png 300w, https:\/\/alejandrodelasota.org\/wp-content\/uploads\/2022\/06\/289754778_5659908630686399_7975653446416953209_n-768x397.png 768w, https:\/\/alejandrodelasota.org\/wp-content\/uploads\/2022\/06\/289754778_5659908630686399_7975653446416953209_n.png 1214w\" sizes=\"(max-width: 1024px) 100vw, 1024px\" \/><\/p>\n<p>&nbsp;<\/p>\n<p>Ya se encuentran subidas, en la p\u00e1gina oficial del Congreso Pioneros de la Arquitectura Moderna Espa\u00f1ola, las cuatro sesiones que se emitieron en directo los d\u00edas 27 y 28 de mayo desde la sala Valle Incl\u00e1n del C\u00edrculo de Bellas Artes de Madrid.<\/p>\n<p>Si no pudiste disfrutar en su momento de alguna de las ponencias o quieres volver a repetir el visualizado de alguna de ellas, quedan subidas desde este momento para que sean accesibles a todos aquellos interesados. Los debates que tuvieron lugar despu\u00e9s de las ponencias crearon momentos de much\u00edsimo inter\u00e9s entre los moderadores y participantes del evento.<\/p>\n<p><a href=\"https:\/\/congresopionerosarquitectos.com\/edicion\/VII%2BCongreso%252C%2B2022%253A%2B%25E2%2580%259CEl%2Bespacio%2Bentre%2Binterior%2By%2Bexterior%25E2%2580%259D?ed=2022\">[ Enlace ]<\/a><\/p>\n<p>Tambi\u00e9n se encuentran disponibles en la p\u00e1gina web todas y cada una de las comunicaciones seleccionadas, as\u00ed como las que fueron aceptadas y publicadas en actas digitales. Pr\u00f3ximamente dispondremos tambi\u00e9n del v\u00eddeo-resumen de la jornada, que colgaremos en nuestro canal de YouTube.<\/p>\n<p>Desde la Fundaci\u00f3n Alejandro de la Sota esperamos que disfrut\u00e9is reviviendo el evento tanto como lo hicimos nosotros durante la realizaci\u00f3n del mismo.<\/p>\n","protected":false},"excerpt":{"rendered":"<p>&nbsp; Ya se encuentran subidas, en la p\u00e1gina oficial del Congreso Pioneros de la Arquitectura Moderna Espa\u00f1ola, las cuatro sesiones que se emitieron en directo los d\u00edas 27 y 28 de mayo desde la sala Valle Incl\u00e1n del C\u00edrculo de Bellas Artes de Madrid. Si no pudiste disfrutar en su momento de alguna de las [&hellip;]<\/p>\n","protected":false},"author":1,"featured_media":3534,"comment_status":"open","ping_status":"open","sticky":false,"template":"","format":"standard","meta":[],"categories":[7,128],"tags":[],"_links":{"self":[{"href":"https:\/\/alejandrodelasota.org\/en\/wp-json\/wp\/v2\/posts\/3533"}],"collection":[{"href":"https:\/\/alejandrodelasota.org\/en\/wp-json\/wp\/v2\/posts"}],"about":[{"href":"https:\/\/alejandrodelasota.org\/en\/wp-json\/wp\/v2\/types\/post"}],"author":[{"embeddable":true,"href":"https:\/\/alejandrodelasota.org\/en\/wp-json\/wp\/v2\/users\/1"}],"replies":[{"embeddable":true,"href":"https:\/\/alejandrodelasota.org\/en\/wp-json\/wp\/v2\/comments?post=3533"}],"version-history":[{"count":3,"href":"https:\/\/alejandrodelasota.org\/en\/wp-json\/wp\/v2\/posts\/3533\/revisions"}],"predecessor-version":[{"id":3537,"href":"https:\/\/alejandrodelasota.org\/en\/wp-json\/wp\/v2\/posts\/3533\/revisions\/3537"}],"wp:featuredmedia":[{"embeddable":true,"href":"https:\/\/alejandrodelasota.org\/en\/wp-json\/wp\/v2\/media\/3534"}],"wp:attachment":[{"href":"https:\/\/alejandrodelasota.org\/en\/wp-json\/wp\/v2\/media?parent=3533"}],"wp:term":[{"taxonomy":"category","embeddable":true,"href":"https:\/\/alejandrodelasota.org\/en\/wp-json\/wp\/v2\/categories?post=3533"},{"taxonomy":"post_tag","embeddable":true,"href":"https:\/\/alejandrodelasota.org\/en\/wp-json\/wp\/v2\/tags?post=3533"}],"curies":[{"name":"wp","href":"https:\/\/api.w.org\/{rel}","templated":true}]}}