{"id":3515,"date":"2022-05-17T17:35:49","date_gmt":"2022-05-17T15:35:49","guid":{"rendered":"https:\/\/alejandrodelasota.org\/?p=3515"},"modified":"2022-05-17T17:50:26","modified_gmt":"2022-05-17T15:50:26","slug":"programa-vii-congreso-internacional-pioneros-de-la-arquitectura-moderna-espanola-el-espacio-entre-interior-y-exterior","status":"publish","type":"post","link":"https:\/\/alejandrodelasota.org\/en\/programa-vii-congreso-internacional-pioneros-de-la-arquitectura-moderna-espanola-el-espacio-entre-interior-y-exterior\/","title":{"rendered":"\u2014PROGRAMA VII CONGRESO INTERNACIONAL PIONEROS DE LA ARQUITECTURA MODERNA ESPA\u00d1OLA: EL ESPACIO ENTRE INTERIOR Y EXTERIOR\u2014"},"content":{"rendered":"<p><img loading=\"lazy\" src=\"https:\/\/alejandrodelasota.org\/wp-content\/uploads\/2021\/11\/BASES_VII-Congreso-1024x384.jpg\" alt=\"\" width=\"1024\" height=\"384\" class=\"aligncenter size-large wp-image-3282\" srcset=\"https:\/\/alejandrodelasota.org\/wp-content\/uploads\/2021\/11\/BASES_VII-Congreso-1024x384.jpg 1024w, https:\/\/alejandrodelasota.org\/wp-content\/uploads\/2021\/11\/BASES_VII-Congreso-300x113.jpg 300w, https:\/\/alejandrodelasota.org\/wp-content\/uploads\/2021\/11\/BASES_VII-Congreso-768x288.jpg 768w, https:\/\/alejandrodelasota.org\/wp-content\/uploads\/2021\/11\/BASES_VII-Congreso.jpg 1859w\" sizes=\"(max-width: 1024px) 100vw, 1024px\" \/><\/p>\n<p>El viernes 27 de mayo a las 10:00 h se inaugurar\u00e1 en el C\u00edrculo de Bellas Artes de Madrid el VII Congreso Internacional Pioneros de la Arquitectura Moderna Espa\u00f1ola: El espacio entre interior y exterior, organizado por la Fundaci\u00f3n Alejandro de la Sota, con la colaboraci\u00f3n del Ministerio de Transportes, Movilidad y Agenda Urbana y el C\u00edrculo de Bellas Artes. El Programa del Congreso con los horarios, los t\u00edtulos de las ponencias con sus autores y los moderadores que participar\u00e1n en los debates con autores y p\u00fablico es el siguiente:<\/p>\n<p><strong>VIERNES 28 DE MAYO<\/strong><\/p>\n<p><strong>MA\u00d1ANA<\/strong> (9:30 a 13:45)<\/p>\n<p><strong>Recepci\u00f3n<\/strong><br \/>\n<strong>Acto inaugural<\/strong> con la participaci\u00f3n del C\u00edrculo de Bellas Artes, Direcci\u00f3n General de Agenda Urbana y Arquitectura y Fundaci\u00f3n Alejandro de la Sota.<br \/>\n<strong>La casa V\u00e1zquez en San Miguel de Oia (1963). La revisi\u00f3n del pat\u00edn en la arquitectura dom\u00e9stica de Xos\u00e9 Bar Boo<\/strong><br \/>\nDaniel Fern\u00e1ndez Carracedo y Silvia Cebri\u00e1n Renedo. EAToledo UCLM y ETSA U. Valladolid<br \/>\n<strong>La habitaci\u00f3n y la terraza, una decisi\u00f3n simbi\u00f3tica. Viviendas en Roca Llisa de Fernando Cavestany<\/strong><br \/>\n\u00cd\u00f1igo Cobeta Guti\u00e9rrez y Laura S\u00e1nchez Carrasco. ETSA UP Madrid<br \/>\n<strong>Sert transe\u00fante: entre el interior y el exterior de la vivienda colectiva. Les Escales Park, Barcelona (1968-1973)<\/strong><br \/>\nMarina Campomar, M. Pia Fontana y Paco Sert. UdGerona<br \/>\n<strong>En el umbral de la Castellana. La casa Fortuny 14 de Mariano Garrigues<\/strong><br \/>\nIsmael Amarouch Garc\u00eda. ETSA UP Madrid<\/p>\n<p>Debate con autores: <strong>Orsina Simona Pierini<\/strong>. Catedr\u00e1tica Polit\u00e9cnico Milano<\/p>\n<p><strong>TARDE<\/strong> (15:30 a 18:45)<br \/>\n<strong>La plaza circular de Sargadelos. El espacio de las confluencias para el Laboratorio de Formas.<\/strong><br \/>\nLuz Paz Agras. U. da Coru\u00f1a<br \/>\n<strong>El patio que pudo ser y quiz\u00e1s fue: el Palacio de Congresos y Exposiciones de la Costa del Sol de Rafael de la Hoz y Gerardo Olivares<\/strong><br \/>\nMar\u00eda Ant\u00f3n-Barco. ESNE Madrid<br \/>\n<strong>El umbral es cosa sagrada. Espacios intermedios en la arquitectura de O\u00edza a trave\u0301s de la casa ENTREpinos <\/strong><br \/>\nFrancisco Felipe Mu\u00f1oz Carabias. U. de Alcal\u00e1<br \/>\n<strong>La curva de dentro afuera. La Estaci\u00f3n Mar\u00edtima de Santander de Ricardo Lorenzo<\/strong><br \/>\nDaniel D\u00edez Mart\u00ednez. ETSA, UP Madrid<\/p>\n<p>Debate con autores: <strong>M. Dolores S\u00e1nchez Moya<\/strong>. Subdirectora EAToledo UCLM<\/p>\n<p><strong>S\u00c1BADO 29 DE MAYO<\/strong><\/p>\n<p><strong>MA\u00d1ANA<\/strong> (9:30 a 14:00)<\/p>\n<p><strong>Aprendiendo entre el interior y el exterior. El Colegio Nuestra Se\u00f1ora Santa Mar\u00eda de Antonio Fern\u00e1ndez Alba a la luz del espacio intermedio<\/strong><br \/>\nRaquel Mart\u00ednez Guti\u00e9rrez. U. Rey Juan Carlos, Madrid<br \/>\n<strong>El espacio de la caja m\u00e1gica. El pensamiento arquitect\u00f3nico de Alejandro de la Sota en el Proyecto para el Museo Provincial de Le\u00f3n<\/strong><br \/>\n\u00c1ngel Nodar del Real. ETSA, UP Madrid<br \/>\n<strong>A la sombra de Carlos Sobrini. Transiciones en el Pueblo de Colonizaci\u00f3n de Rinc\u00f3n de Ballesteros (1953)<\/strong><br \/>\nRub\u00e9n Cabecera Soriano y Sete \u00c1lvarez Barrena. U. de Extremadura<\/p>\n<p>Debate con autores: <strong>Juan Domingo Santos<\/strong>. Catedr\u00e1tico ETSA U. Granada<\/p>\n<p>El Congreso finalizar\u00e1 con la Mesa de Conclusiones en la que intervendr\u00e1n los moderadores de los debates con quienes tenemos el honor de contar: <strong>Orsina Simona Pierini, M. Dolores S\u00e1nchez Moya y Juan Domingo Santos.<\/strong><\/p>\n<p>Para m\u00e1s informaci\u00f3n descarga el <strong><a href=\"https:\/\/alejandrodelasota.org\/wp-content\/uploads\/2022\/05\/VII-CONGRESO_programa.pdf\">Programa<\/a><\/strong> y la <strong><a href=\"https:\/\/alejandrodelasota.org\/wp-content\/uploads\/2022\/05\/VII-CONGRESO_presentacio\u0301n.pdf\">Presentaci\u00f3n<\/a><\/strong>.<br \/>\nQueremos agradecer a la Escuela de Arquitectura de Toledo por su colaboraci\u00f3n a\u00f1o tras a\u00f1o en la celebraci\u00f3n del Congreso, y de manera especial a las alumnas y alumnos voluntarios y a <strong>Carlos Asensio Wandosell<\/strong>, por el dise\u00f1o de los programas y carteles.<\/p>\n<p>Agradecemos su participaci\u00f3n a todos los autores que presentaron sus trabajos en las fases de selecci\u00f3n y esperamos su presencia en el congreso para disfrutar de interesantes debates en los que les animamos a participar como p\u00fablico. Animamos tambi\u00e9n a participar a todos aquellos que a\u00fan no se han inscrito y quieren hacerlo, ya que <strong>el plazo para asistir al Congreso sigue abierto<\/strong> hasta que se completen las \u00faltimas vacantes. La <strong>inscripci\u00f3n<\/strong> puede realizarse a mediante este <strong><a href=\"https:\/\/alejandrodelasota.org\/wp-content\/uploads\/2021\/11\/Formulario-de-inscripcio\u0301n_VII-Congreso.docx\">formulario<\/a><\/strong>. <\/p>\n<p>A todas las personas inscritas se les entregar\u00e1 un Certificado de Asistencia al VII Congreso Pioneros de la Arquitectura Moderna Espa\u00f1ola.<\/p>","protected":false},"excerpt":{"rendered":"<p>El viernes 27 de mayo a las 10:00 h se inaugurar\u00e1 en el C\u00edrculo de Bellas Artes de Madrid el VII Congreso Internacional Pioneros de la Arquitectura Moderna Espa\u00f1ola: El espacio entre interior y exterior, organizado por la Fundaci\u00f3n Alejandro de la Sota, con la colaboraci\u00f3n del Ministerio de Transportes, Movilidad y Agenda Urbana y [&hellip;]<\/p>\n","protected":false},"author":1,"featured_media":3282,"comment_status":"open","ping_status":"open","sticky":false,"template":"","format":"standard","meta":[],"categories":[1],"tags":[],"_links":{"self":[{"href":"https:\/\/alejandrodelasota.org\/en\/wp-json\/wp\/v2\/posts\/3515"}],"collection":[{"href":"https:\/\/alejandrodelasota.org\/en\/wp-json\/wp\/v2\/posts"}],"about":[{"href":"https:\/\/alejandrodelasota.org\/en\/wp-json\/wp\/v2\/types\/post"}],"author":[{"embeddable":true,"href":"https:\/\/alejandrodelasota.org\/en\/wp-json\/wp\/v2\/users\/1"}],"replies":[{"embeddable":true,"href":"https:\/\/alejandrodelasota.org\/en\/wp-json\/wp\/v2\/comments?post=3515"}],"version-history":[{"count":4,"href":"https:\/\/alejandrodelasota.org\/en\/wp-json\/wp\/v2\/posts\/3515\/revisions"}],"predecessor-version":[{"id":3521,"href":"https:\/\/alejandrodelasota.org\/en\/wp-json\/wp\/v2\/posts\/3515\/revisions\/3521"}],"wp:featuredmedia":[{"embeddable":true,"href":"https:\/\/alejandrodelasota.org\/en\/wp-json\/wp\/v2\/media\/3282"}],"wp:attachment":[{"href":"https:\/\/alejandrodelasota.org\/en\/wp-json\/wp\/v2\/media?parent=3515"}],"wp:term":[{"taxonomy":"category","embeddable":true,"href":"https:\/\/alejandrodelasota.org\/en\/wp-json\/wp\/v2\/categories?post=3515"},{"taxonomy":"post_tag","embeddable":true,"href":"https:\/\/alejandrodelasota.org\/en\/wp-json\/wp\/v2\/tags?post=3515"}],"curies":[{"name":"wp","href":"https:\/\/api.w.org\/{rel}","templated":true}]}}