{"id":3509,"date":"2022-05-03T10:25:58","date_gmt":"2022-05-03T08:25:58","guid":{"rendered":"https:\/\/alejandrodelasota.org\/?p=3509"},"modified":"2022-05-03T10:27:11","modified_gmt":"2022-05-03T08:27:11","slug":"ponencias-orales-seleccionadas-al-vii-congreso-internacional-pioneros-de-la-arquitectura-moderna-espanola-el-espacio-entre-interior-y-exterior","status":"publish","type":"post","link":"https:\/\/alejandrodelasota.org\/en\/ponencias-orales-seleccionadas-al-vii-congreso-internacional-pioneros-de-la-arquitectura-moderna-espanola-el-espacio-entre-interior-y-exterior\/","title":{"rendered":"\u2014PONENCIAS ORALES SELECCIONADAS AL VII CONGRESO INTERNACIONAL PIONEROS DE LA ARQUITECTURA MODERNA ESPA\u00d1OLA: EL ESPACIO ENTRE INTERIOR Y EXTERIOR\u2014"},"content":{"rendered":"<p><img loading=\"lazy\" src=\"https:\/\/alejandrodelasota.org\/wp-content\/uploads\/2021\/11\/BASES_VII-Congreso-1024x384.jpg\" alt=\"\" width=\"1024\" height=\"384\" class=\"aligncenter size-large wp-image-3282\" srcset=\"https:\/\/alejandrodelasota.org\/wp-content\/uploads\/2021\/11\/BASES_VII-Congreso-1024x384.jpg 1024w, https:\/\/alejandrodelasota.org\/wp-content\/uploads\/2021\/11\/BASES_VII-Congreso-300x113.jpg 300w, https:\/\/alejandrodelasota.org\/wp-content\/uploads\/2021\/11\/BASES_VII-Congreso-768x288.jpg 768w, https:\/\/alejandrodelasota.org\/wp-content\/uploads\/2021\/11\/BASES_VII-Congreso.jpg 1859w\" sizes=\"(max-width: 1024px) 100vw, 1024px\" \/><\/p>\n<p>Tenemos el placer de anunciar que, tras la revisi\u00f3n de los textos completos de las comunicaciones por parte de los miembros del Comit\u00e9 Cient\u00edfico del VII Congreso Internacional Pioneros, a quienes agradecemos su colaboraci\u00f3n e implicaci\u00f3n, se ha seleccionado la siguiente relaci\u00f3n de art\u00edculos para las ponencias orales:<\/p>\n<p>La plaza circular de Sargadelos. El espacio de las confluencias para el Laboratorio de Formas.<br \/>\nLuz Paz Agras. U. da Coru\u00f1a.<\/p>\n<p>El patio que pudo ser y quiz\u00e1s fue: el Palacio de Congresos y Exposiciones de la Costa del Sol de Rafael de la Hoz y Gerardo Olivares.<br \/>\nMar\u00eda Ant\u00f3n-Barco. ESNE Madrid.<\/p>\n<p>El umbral es cosa sagrada. Espacios intermedios en la arquitectura de O\u00edza.<br \/>\nLa forma de dentro afuera. Huecos, balcones y terrazas en la obra de Ricardo Lorenzo.<br \/>\nDaniel D\u00edez Mart\u00ednez. ETSA, UP Madrid.<\/p>\n<p>La casa V\u00e1zquez en San Miguel de Oia (1963). La revisi\u00f3n del pat\u00edn en la arquitectura dom\u00e9stica de Xos\u00e9 Bar Boo.<br \/>\nDaniel Fern\u00e1ndez Carracedo y Silvia Cebri\u00e1n Renedo. EAToledo UCLM y ETSA U. Valladolid.<\/p>\n<p>La habitaci\u00f3n y la terraza, una decisi\u00f3n simbi\u00f3tica. Viviendas en Roca Llisa de Fernando Cavestany.<br \/>\n\u00cd\u00f1igo Cobeta Guti\u00e9rrez y Laura S\u00e1nchez Carrasco. ETSA UP Madrid.<\/p>\n<p>Sert transe\u00fante: entre el interior y el exterior de la vivienda colectiva. Les Escales Park, Barcelona (1967).<br \/>\nMarina Campomar, M. Pia Fontana y Francisco Sert. UdGerona.<\/p>\n<p>En el umbral de la Castellana. La casa Fortuny 14 de Mariano Garrigues.<br \/>\nIsmael Amarouch Garc\u00eda. ETSA UP Madrid.<\/p>\n<p>Aprendiendo entre el interior y el exterior. El Colegio Nuestra Se\u00f1ora Santa Mar\u00eda de Antonio Fern\u00e1ndez Alba a la luz del espacio intermedio.<br \/>\nRaquel Mart\u00ednez Guti\u00e9rrez. U. Rey Juan Carlos, Madrid.<\/p>\n<p>El espacio de la caja m\u00e1gica. El pensamiento arquitect\u00f3nico de Alejandro de la Sota en el Proyecto para el Museo Provincial de Le\u00f3n.<br \/>\n\u00c1ngel Nodar del Real. ETSA, UP Madrid.<\/p>\n<p>A la sombra de Carlos Sobrini. Transiciones en el Pueblo de Colonizaci\u00f3n de Rinc\u00f3n de Ballesteros (1953).<br \/>\nRub\u00e9n Cabecera Soriano y Sete \u00c1lvarez Barrena. U. de Extremadura.<\/p>\n<p>Felicitamos a los autores de los trabajos seleccionados y agradecemos su participaci\u00f3n a todos aquellos que presentaron sus comunicaciones, esperando su presencia en la celebraci\u00f3n del Congreso los d\u00edas 27 y 28 de mayo en la Sala Valle Incl\u00e1n del C\u00edrculo de Bellas Artes de Madrid. <\/p>\n<p><a href=\"https:\/\/www.alejandrodelasota.org\/wp-content\/uploads\/2021\/11\/Formulario-de-inscripcio%CC%81n_VII-Congreso.docx\">Formulario de inscripci\u00f3n<\/a><\/p>\n<p>Desde la Fundaci\u00f3n Alejandro de la Sota nos gustar\u00eda agradecer la colaboraci\u00f3n del Ministerio de Transportes, Movilidad y Agenda Urbana y del C\u00edrculo de Bellas Artes en la s\u00e9ptima edici\u00f3n del Congreso Internacional Pioneros. Tambi\u00e9n nuestro agradecimiento a Valenor, Placo Saint-Gobain y Thermochip por su implicaci\u00f3n con la labor de la Fundaci\u00f3n y a Jung por su participaci\u00f3n en esta nueva convocatoria del Congreso. A todos ellos, a los autores investigadores y comit\u00e9 cient\u00edfico, a los Socios y Amigos y a los que nos segu\u00eds, gracias por apoyarnos en la difusi\u00f3n de la arquitectura moderna espa\u00f1ola.<\/p>\n","protected":false},"excerpt":{"rendered":"<p>Tenemos el placer de anunciar que, tras la revisi\u00f3n de los textos completos de las comunicaciones por parte de los miembros del Comit\u00e9 Cient\u00edfico del VII Congreso Internacional Pioneros, a quienes agradecemos su colaboraci\u00f3n e implicaci\u00f3n, se ha seleccionado la siguiente relaci\u00f3n de art\u00edculos para las ponencias orales: La plaza circular de Sargadelos. El espacio [&hellip;]<\/p>\n","protected":false},"author":1,"featured_media":3282,"comment_status":"open","ping_status":"open","sticky":false,"template":"","format":"standard","meta":[],"categories":[128],"tags":[],"_links":{"self":[{"href":"https:\/\/alejandrodelasota.org\/en\/wp-json\/wp\/v2\/posts\/3509"}],"collection":[{"href":"https:\/\/alejandrodelasota.org\/en\/wp-json\/wp\/v2\/posts"}],"about":[{"href":"https:\/\/alejandrodelasota.org\/en\/wp-json\/wp\/v2\/types\/post"}],"author":[{"embeddable":true,"href":"https:\/\/alejandrodelasota.org\/en\/wp-json\/wp\/v2\/users\/1"}],"replies":[{"embeddable":true,"href":"https:\/\/alejandrodelasota.org\/en\/wp-json\/wp\/v2\/comments?post=3509"}],"version-history":[{"count":2,"href":"https:\/\/alejandrodelasota.org\/en\/wp-json\/wp\/v2\/posts\/3509\/revisions"}],"predecessor-version":[{"id":3511,"href":"https:\/\/alejandrodelasota.org\/en\/wp-json\/wp\/v2\/posts\/3509\/revisions\/3511"}],"wp:featuredmedia":[{"embeddable":true,"href":"https:\/\/alejandrodelasota.org\/en\/wp-json\/wp\/v2\/media\/3282"}],"wp:attachment":[{"href":"https:\/\/alejandrodelasota.org\/en\/wp-json\/wp\/v2\/media?parent=3509"}],"wp:term":[{"taxonomy":"category","embeddable":true,"href":"https:\/\/alejandrodelasota.org\/en\/wp-json\/wp\/v2\/categories?post=3509"},{"taxonomy":"post_tag","embeddable":true,"href":"https:\/\/alejandrodelasota.org\/en\/wp-json\/wp\/v2\/tags?post=3509"}],"curies":[{"name":"wp","href":"https:\/\/api.w.org\/{rel}","templated":true}]}}