{"id":3504,"date":"2022-04-27T22:49:27","date_gmt":"2022-04-27T20:49:27","guid":{"rendered":"https:\/\/alejandrodelasota.org\/?p=3504"},"modified":"2022-04-28T10:26:59","modified_gmt":"2022-04-28T08:26:59","slug":"requiem-clesa","status":"publish","type":"post","link":"https:\/\/alejandrodelasota.org\/en\/requiem-clesa\/","title":{"rendered":"\u2014REQUIEM CLESA\u2014"},"content":{"rendered":"<p><img loading=\"lazy\" src=\"https:\/\/alejandrodelasota.org\/wp-content\/uploads\/2022\/04\/57_c_cq_112_lg-1024x727.jpg\" alt=\"\" width=\"1024\" height=\"727\" class=\"aligncenter size-large wp-image-3505\" srcset=\"https:\/\/alejandrodelasota.org\/wp-content\/uploads\/2022\/04\/57_c_cq_112_lg-1024x727.jpg 1024w, https:\/\/alejandrodelasota.org\/wp-content\/uploads\/2022\/04\/57_c_cq_112_lg-300x213.jpg 300w, https:\/\/alejandrodelasota.org\/wp-content\/uploads\/2022\/04\/57_c_cq_112_lg-768x546.jpg 768w, https:\/\/alejandrodelasota.org\/wp-content\/uploads\/2022\/04\/57_c_cq_112_lg.jpg 1350w\" sizes=\"(max-width: 1024px) 100vw, 1024px\" \/><\/p>\n<p>Desde la Fundaci\u00f3n Alejandro de la Sota nos gustar\u00eda hacernos eco del comunicado escrito por Juan Ignacio Mera, Director de la Escuela de Arquitectura de Toledo, en referencia a la situaci\u00f3n que est\u00e1 viviendo la antigua F\u00e1brica Clesa, por eso lo transcribimos a continuaci\u00f3n:<\/p>\n<p><strong>CLESA<\/strong>, un ejemplo de arquitectura moderna que forma parte de nuestra y vuestra memoria, dejar\u00e1 de existir para siempre como tal, hundida bajo la losa de la ignominia al menos hasta que una futura generaci\u00f3n lo recupere como se ha hecho otras veces en la historia, si no se act\u00faa ahora.<br \/>\nSi hici\u00e9ramos una encuesta secreta entre los estudiantes de arquitectura y arquitectos espa\u00f1oles, entre los profesores de escuelas de arquitectura en una franja de territorio entre esta latitud y Jap\u00f3n, todos nos dir\u00edan que se trata de un edificio cuyo sentido es superior incluso a su forma.<br \/>\nEn la sociedad del aprovechamiento insensato en que nos quieren hacer vivir, en esta \u00e9poca de im\u00e1genes de acci\u00f3n impostada, donde palabras importadas como co.working son la salvaguardia de la nada, instituciones p\u00fablicas como los Ayuntamientos, en este caso de Madrid, lanzan alegremente piezas esenciales al cubo de las esperanzas truncadas, con el maquillaje de la colaboraci\u00f3n p\u00fablico\/privada<br \/>\nDicen sus responsables al peri\u00f3dico La Raz\u00f3n.<\/p>\n<blockquote><p>&#8220;En estado de abandono desde 2011, la antigua nave de Clesa tendr\u00e1 por fin una segunda vida. La ic\u00f3nica central lechera pasar\u00e1 a ser un centro dedicado a las ciencias y a la innovaci\u00f3n que enriquecer\u00e1 al distrito de Fuencarral-El Pardo.<br \/>\nEsto ser\u00e1 posible gracias a una alianza p\u00fablico-privada, entre el \u00c1rea de Gobierno de Desarrollo Urbano y Kadans Science Partner, que ser\u00e1n los encargados de llevar a cabo el proyecto ganador del concurso \u00abReinventing Cities\u00bb, promovido por la red de ciudades C40 de la que forma parte Madrid y que busca premiar proyectos para recuperar de forma sostenible entornos degradados como la antigua f\u00e1brica de Clesa. Dise\u00f1ada en los a\u00f1os 60 por el arquitecto Alejandro de la Sota, es un ejemplo de la arquitectura industrial del siglo XX, que pasar\u00e1 a ser un \u00abnodo\u00bb del conocimiento sanitario enfocado a las \u00abciencias de la vida\u00bb gracias al proyecto Val-Verde. All\u00ed mismo, tuvo lugar su acto de presentaci\u00f3n en el que estuvieron presentes los portavoces de todos los grupos municipales, as\u00ed como el delegado de Urbanismo, Mariano Fuentes y Bego\u00f1a Villac\u00eds, vicealcaldesa de la Comunidad de Madrid.<br \/>\nEsta \u00faltima, quiso agradecer su presencia al demostrar que se trata de un proyecto de ciudad que est\u00e1 llamado a trascender\u00bb y al suponer \u00abuna representaci\u00f3n maravillosa de lo que quiere ser la ciudad de Madrid\u00bb.<br \/>\nVillac\u00eds, tambi\u00e9n quiso honrar la figura del \u00abmaestro\u00bb de la Sota, al entender esta nave construida en el norte de Madrid como un espacio funcional, lo que \u00abno est\u00e1 re\u00f1ido con la belleza&#8221;<\/p><\/blockquote>\n<p>Si no fuera porque es una tragedia ver a responsables pol\u00edticos utilizar estos t\u00e9rminos, llegar\u00edamos incluso a re\u00edr comprobando, hasta donde llega la ignorancia, en realidad el desinter\u00e9s y falta de sensibilidad raya con el rid\u00edculo.<br \/>\nContin\u00faan afirmando:<\/p>\n<blockquote><p>\u201dLa actuaci\u00f3n se llevar\u00e1 a cabo sobre 38.000 metros cuadrados gracias a la alianza que han firmado el Ayuntamiento de Madrid y la compa\u00f1\u00eda holandesa Kadans Science Partner, encargada de promover y gestionar centros de Investigaci\u00f3n con laboratorios y salas blancas, y que invertir\u00e1 cerca de 30 millones de euros en este proyecto. Adem\u00e1s, para su puesta en marcha contar\u00e1n con el arquitecto, Carlos Rubio Carvajal, y su estudio, ERM Iberia, AECOM, Gleed, La F\u00e1brica, Ale Estudio y el despacho de abogados, Garrigues.&#8221;<\/p><\/blockquote>\n<p>30.000.000 de euros para arreglar un espacio cuyo valor principal es la sencillez, un espacio que se estudia en la Universidades como ejemplo referente de una arquitectura de la ausencia y la contenci\u00f3n, es un dislate.<br \/>\nY sumar a un elenco de profesionales, que van a pasar a la historia como aquellos que arruinaron el esp\u00edritu de un edificio clave, ejemplo de la mejor y muy escasa arquitectura moderna en Madrid, otro. <\/p>\n<p>Muchos saben que esto es cierto. <\/p>\n<p>Pero vemos pocos capaces de hablar claro.<br \/>\n\u00bfMe pregunto por qu\u00e9?<br \/>\nPorque es imposible entender, cu\u00e1l es la raz\u00f3n para que no pueda el Ayuntamiento reparar el edificio con un uso m\u00e1s sosegado, menos pretencioso y m\u00e1s adecuado a un lugar realmente importante.<br \/>\nNi siquiera ha escuchado a la Fundaci\u00f3n Sota que de forma clara ha desistido en avalar el proyecto.<br \/>\nNo me gustar\u00eda pertenecer a ninguno de los estudios que contin\u00faan sordos, alegremente, ni siquiera creo que sea  por los honorarios, tal vez sea por tratar de demostrar que ellos s\u00ed <strong>son<\/strong>.<\/p>\n<p>Ahora bien.<br \/>\nEs necesario explicar por qu\u00e9 es esta operaci\u00f3n tan desafortunada.<br \/>\nA priori todo suena bien.<\/p>\n<p>Un edificio abandonado.<\/p>\n<p>Un Ayuntamiento ocupado en la rehabilitaci\u00f3n.<\/p>\n<p>Una empresa que invierte en recuperar un espacio para un uso, etc.<br \/>\nSin embargo nada se dice sobre la naturaleza del edificio, su importancia hist\u00f3rica y su valor como documento para futuras generaciones.<br \/>\nEsta es la cuesti\u00f3n.<br \/>\nEl edificio CLESA es una raci\u00f3n de cultura para los que ahora estamos y para los que nos van a sustituir en el futuro.<br \/>\nCLESA es una pieza de estudio.<br \/>\nEs clave entre los ejemplos de arquitectura industrial, el m\u00e1s importante de una \u00e9poca.<br \/>\nAlejandro de la Sota es tan importante como Ventura Rodr\u00edguez, como <strong>Villanueva<\/strong>, como van der Vlugt, porque la arquitectura moderna lleva ya cien a\u00f1os entre los investigadores y en los venideros se analizar\u00e1 como un lenguaje esencial, como ejemplo de una manera l\u00f3gica de entender la arquitectura que siempre fue un remedio medicinal que eleva el esp\u00edritu.<br \/>\nEst\u00e1 en la base del pensamiento de un arquitecto como fue<strong> Alejandro de la Sota<\/strong>.<br \/>\nLa construcci\u00f3n de un determinado ambiente, que se destruir\u00e1 con alharacas para siempre si no se remedia, fue su objetivo.<\/p>\n<p>Uno que no se puede disfrazar con la excusa de un uso inflamado.<br \/>\nY se va a hacer a conciencia con el atrevimiento que da el desconocimiento, en este caso revestido de premios y galardones m\u00e1s que dudosos.<br \/>\nNo podemos permitir que est\u00e1 fechor\u00eda se lleve a cabo.<br \/>\nNo, en una operaci\u00f3n tan gratuita.<br \/>\nPor eso tenemos que actuar y reclamar al Ayuntamiento una soluci\u00f3n, que recupere <strong>CLESA<\/strong> con dignidad, para Madrid.<br \/>\n\u00bfPero c\u00f3mo se hace eso?<br \/>\nMuy sencillo.<\/p>\n<p><strong>\u00bfC\u00f3mo se restaura una obra de arte?<\/strong><br \/>\nPues simplemente se pregunta a qui\u00e9n sabe y se hace con el respeto que merece.<br \/>\nY esas personas est\u00e1n ah\u00ed, pero no son los actuales responsables que se empe\u00f1an en colocarse por encima del legado de esta obra esencial.<\/p>\n<p>Juan Ignacio Mera<br \/>\nDirector de la Escuela de Arquitectura de Toledo<br \/>\n<strong>EAT<\/strong><\/p>\n","protected":false},"excerpt":{"rendered":"<p>Desde la Fundaci\u00f3n Alejandro de la Sota nos gustar\u00eda hacernos eco del comunicado escrito por Juan Ignacio Mera, Director de la Escuela de Arquitectura de Toledo, en referencia a la situaci\u00f3n que est\u00e1 viviendo la antigua F\u00e1brica Clesa, por eso lo transcribimos a continuaci\u00f3n: CLESA, un ejemplo de arquitectura moderna que forma parte de nuestra [&hellip;]<\/p>\n","protected":false},"author":1,"featured_media":3505,"comment_status":"open","ping_status":"open","sticky":false,"template":"","format":"standard","meta":[],"categories":[1],"tags":[],"_links":{"self":[{"href":"https:\/\/alejandrodelasota.org\/en\/wp-json\/wp\/v2\/posts\/3504"}],"collection":[{"href":"https:\/\/alejandrodelasota.org\/en\/wp-json\/wp\/v2\/posts"}],"about":[{"href":"https:\/\/alejandrodelasota.org\/en\/wp-json\/wp\/v2\/types\/post"}],"author":[{"embeddable":true,"href":"https:\/\/alejandrodelasota.org\/en\/wp-json\/wp\/v2\/users\/1"}],"replies":[{"embeddable":true,"href":"https:\/\/alejandrodelasota.org\/en\/wp-json\/wp\/v2\/comments?post=3504"}],"version-history":[{"count":3,"href":"https:\/\/alejandrodelasota.org\/en\/wp-json\/wp\/v2\/posts\/3504\/revisions"}],"predecessor-version":[{"id":3508,"href":"https:\/\/alejandrodelasota.org\/en\/wp-json\/wp\/v2\/posts\/3504\/revisions\/3508"}],"wp:featuredmedia":[{"embeddable":true,"href":"https:\/\/alejandrodelasota.org\/en\/wp-json\/wp\/v2\/media\/3505"}],"wp:attachment":[{"href":"https:\/\/alejandrodelasota.org\/en\/wp-json\/wp\/v2\/media?parent=3504"}],"wp:term":[{"taxonomy":"category","embeddable":true,"href":"https:\/\/alejandrodelasota.org\/en\/wp-json\/wp\/v2\/categories?post=3504"},{"taxonomy":"post_tag","embeddable":true,"href":"https:\/\/alejandrodelasota.org\/en\/wp-json\/wp\/v2\/tags?post=3504"}],"curies":[{"name":"wp","href":"https:\/\/api.w.org\/{rel}","templated":true}]}}