{"id":3340,"date":"2022-03-03T10:21:30","date_gmt":"2022-03-03T08:21:30","guid":{"rendered":"https:\/\/www.alejandrodelasota.org\/?p=3340"},"modified":"2022-04-16T23:47:10","modified_gmt":"2022-04-16T21:47:10","slug":"exposicion-concurso-internacional-instafasota","status":"publish","type":"post","link":"https:\/\/alejandrodelasota.org\/en\/exposicion-concurso-internacional-instafasota\/","title":{"rendered":"EXPOSICI\u00d3N CONCURSO INTERNACIONAL INSTAFASOTA"},"content":{"rendered":"<p><img loading=\"lazy\" src=\"https:\/\/www.alejandrodelasota.org\/wp-content\/uploads\/2022\/03\/CARTEL-InstaFASota_ETSAV-1024x1024.jpg\" alt=\"\" width=\"1024\" height=\"1024\" class=\"aligncenter size-large wp-image-3341\" srcset=\"https:\/\/alejandrodelasota.org\/wp-content\/uploads\/2022\/03\/CARTEL-InstaFASota_ETSAV-1024x1024.jpg 1024w, https:\/\/alejandrodelasota.org\/wp-content\/uploads\/2022\/03\/CARTEL-InstaFASota_ETSAV-150x150.jpg 150w, https:\/\/alejandrodelasota.org\/wp-content\/uploads\/2022\/03\/CARTEL-InstaFASota_ETSAV-300x300.jpg 300w, https:\/\/alejandrodelasota.org\/wp-content\/uploads\/2022\/03\/CARTEL-InstaFASota_ETSAV-768x768.jpg 768w\" sizes=\"(max-width: 1024px) 100vw, 1024px\" \/><\/p>\n<p>Desde el pasado lunes 28 de febrero se encuentra disponible en el Hall Este de la ETSA-UPV una exposici\u00f3n con las propuestas ganadoras de las dos primeras ediciones del Concurso Internacional InstaFASota: Alejandro de la Sota, Atm\u00f3sferas y Umbrales. Esta exhibici\u00f3n durar\u00e1 dos semanas, hasta el 14 de marzo, y en ella se pueden observar trabajos de gran calidad, en donde los autores exploraron lo que significaba para ellos los t\u00e9rminos \u2018atm\u00f3sferas\u2019 y \u2018umbrales\u2019, con distintos formatos de representaci\u00f3n.<\/p>\n<p>Desde la Fundaci\u00f3n Alejandro de la Sota nos gustar\u00eda agradecer la participaci\u00f3n y el cari\u00f1o de M\u00f3nica Alberola, Ana Pascual, Julia Mart\u00ednez Villaronga y Maite Palomares, Subdirectora de Cultura de la ETSA de Valencia (UPV), as\u00ed como a Jung, Valenor, Isover, Placo Saint-Gobain y Thermochip por su ayuda y apoyo con la organizaci\u00f3n de este tipo de actividades, que seguiremos fomentando. Es muy ilusionante para nosotros ser conscientes de la acogida tan positiva que han recibido las dos ediciones entre los m\u00e1s j\u00f3venes, interesados en descubrir m\u00e1s sobre la figura de Alejandro de la Sota.<\/p>\n<p><strong>\u00b7 Conoce las propuestas ganadoras: https:\/\/www.instagram.com\/fundacionasota\/<\/strong><\/p>\n<p><img loading=\"lazy\" src=\"https:\/\/www.alejandrodelasota.org\/wp-content\/uploads\/2022\/03\/4-1024x516.jpg\" alt=\"\" width=\"1024\" height=\"516\" class=\"aligncenter size-large wp-image-3342\" srcset=\"https:\/\/alejandrodelasota.org\/wp-content\/uploads\/2022\/03\/4.jpg 1024w, https:\/\/alejandrodelasota.org\/wp-content\/uploads\/2022\/03\/4-300x151.jpg 300w, https:\/\/alejandrodelasota.org\/wp-content\/uploads\/2022\/03\/4-768x387.jpg 768w, https:\/\/alejandrodelasota.org\/wp-content\/uploads\/2022\/03\/4-940x473.jpg 940w\" sizes=\"(max-width: 1024px) 100vw, 1024px\" \/><br \/>\n<img loading=\"lazy\" src=\"https:\/\/www.alejandrodelasota.org\/wp-content\/uploads\/2022\/03\/1-1024x461.jpg\" alt=\"\" width=\"1024\" height=\"461\" class=\"aligncenter size-large wp-image-3343\" srcset=\"https:\/\/alejandrodelasota.org\/wp-content\/uploads\/2022\/03\/1.jpg 1024w, https:\/\/alejandrodelasota.org\/wp-content\/uploads\/2022\/03\/1-300x135.jpg 300w, https:\/\/alejandrodelasota.org\/wp-content\/uploads\/2022\/03\/1-768x346.jpg 768w\" sizes=\"(max-width: 1024px) 100vw, 1024px\" \/><\/p>\n<p><img loading=\"lazy\" src=\"https:\/\/www.alejandrodelasota.org\/wp-content\/uploads\/2022\/03\/2-1024x461.jpg\" alt=\"\" width=\"1024\" height=\"461\" class=\"aligncenter size-large wp-image-3344\" srcset=\"https:\/\/alejandrodelasota.org\/wp-content\/uploads\/2022\/03\/2.jpg 1024w, https:\/\/alejandrodelasota.org\/wp-content\/uploads\/2022\/03\/2-300x135.jpg 300w, https:\/\/alejandrodelasota.org\/wp-content\/uploads\/2022\/03\/2-768x346.jpg 768w\" sizes=\"(max-width: 1024px) 100vw, 1024px\" \/><\/p>\n","protected":false},"excerpt":{"rendered":"<p>Desde el pasado lunes 28 de febrero se encuentra disponible en el Hall Este de la ETSA-UPV una exposici\u00f3n con las propuestas ganadoras de las dos primeras ediciones del Concurso Internacional InstaFASota: Alejandro de la Sota, Atm\u00f3sferas y Umbrales. Esta exhibici\u00f3n durar\u00e1 dos semanas, hasta el 14 de marzo, y en ella se pueden observar [&hellip;]<\/p>\n","protected":false},"author":1,"featured_media":3341,"comment_status":"open","ping_status":"open","sticky":false,"template":"","format":"standard","meta":[],"categories":[9,10],"tags":[],"_links":{"self":[{"href":"https:\/\/alejandrodelasota.org\/en\/wp-json\/wp\/v2\/posts\/3340"}],"collection":[{"href":"https:\/\/alejandrodelasota.org\/en\/wp-json\/wp\/v2\/posts"}],"about":[{"href":"https:\/\/alejandrodelasota.org\/en\/wp-json\/wp\/v2\/types\/post"}],"author":[{"embeddable":true,"href":"https:\/\/alejandrodelasota.org\/en\/wp-json\/wp\/v2\/users\/1"}],"replies":[{"embeddable":true,"href":"https:\/\/alejandrodelasota.org\/en\/wp-json\/wp\/v2\/comments?post=3340"}],"version-history":[{"count":3,"href":"https:\/\/alejandrodelasota.org\/en\/wp-json\/wp\/v2\/posts\/3340\/revisions"}],"predecessor-version":[{"id":3460,"href":"https:\/\/alejandrodelasota.org\/en\/wp-json\/wp\/v2\/posts\/3340\/revisions\/3460"}],"wp:featuredmedia":[{"embeddable":true,"href":"https:\/\/alejandrodelasota.org\/en\/wp-json\/wp\/v2\/media\/3341"}],"wp:attachment":[{"href":"https:\/\/alejandrodelasota.org\/en\/wp-json\/wp\/v2\/media?parent=3340"}],"wp:term":[{"taxonomy":"category","embeddable":true,"href":"https:\/\/alejandrodelasota.org\/en\/wp-json\/wp\/v2\/categories?post=3340"},{"taxonomy":"post_tag","embeddable":true,"href":"https:\/\/alejandrodelasota.org\/en\/wp-json\/wp\/v2\/tags?post=3340"}],"curies":[{"name":"wp","href":"https:\/\/api.w.org\/{rel}","templated":true}]}}