{"id":3323,"date":"2022-01-10T18:59:42","date_gmt":"2022-01-10T16:59:42","guid":{"rendered":"https:\/\/www.alejandrodelasota.org\/?p=3323"},"modified":"2022-04-16T23:47:51","modified_gmt":"2022-04-16T21:47:51","slug":"calendario-2022-alejandro-de-la-sota","status":"publish","type":"post","link":"https:\/\/alejandrodelasota.org\/en\/calendario-2022-alejandro-de-la-sota\/","title":{"rendered":"CALENDARIO 2022 ALEJANDRO DE LA SOTA"},"content":{"rendered":"<p><img loading=\"lazy\" src=\"https:\/\/www.alejandrodelasota.org\/wp-content\/uploads\/2022\/01\/portada-1024x576.jpg\" alt=\"\" width=\"1024\" height=\"576\" class=\"aligncenter size-large wp-image-3324\" srcset=\"https:\/\/alejandrodelasota.org\/wp-content\/uploads\/2022\/01\/portada-1024x576.jpg 1024w, https:\/\/alejandrodelasota.org\/wp-content\/uploads\/2022\/01\/portada-300x169.jpg 300w, https:\/\/alejandrodelasota.org\/wp-content\/uploads\/2022\/01\/portada-768x432.jpg 768w, https:\/\/alejandrodelasota.org\/wp-content\/uploads\/2022\/01\/portada.jpg 1566w\" sizes=\"(max-width: 1024px) 100vw, 1024px\" \/><\/p>\n<p>Hace un a\u00f1o festej\u00e1bamos el inicio de una nueva y esperanzadora temporada, en donde quer\u00edamos dejar atr\u00e1s algunos de los malos momentos que nos hab\u00eda dejado la pandemia. Y para compartir con vosotros aquellos deseos de celebraci\u00f3n y ganas por un futuro mejor, creamos una nueva tradici\u00f3n que nos gustar\u00eda continuar en este 2022.<\/p>\n<p>El calendario de este a\u00f1o est\u00e1 dedicado a algunos de los dise\u00f1os del mobiliario que plante\u00f3 Alejandro de la Sota a lo largo de su trayectoria como profesional. En los que fueron pensados para la sede de la Subdelegaci\u00f3n del Gobierno de Tarragona particip\u00f3 tambi\u00e9n su hermano Jes\u00fas de la Sota.<\/p>\n<p><em>\u201cSe habla demasiado de la decoraci\u00f3n aisladamente, sin mencionar siquiera la arquitectura; sin embargo, resulta dif\u00edcil, imposible, saber d\u00f3nde termina \u00e9sta y d\u00f3nde empieza la decoraci\u00f3n, porque son la misma cosa. Por esto mismo, la sensaci\u00f3n m\u00e1s clara de acierto la sentimos cuando, al penetrar en el interior de una vivienda no encontramos sorpresas y hay continuidad y uni\u00f3n de arquitectura exterior e interior y decoraci\u00f3n.\u201d<\/em> Alejandro de la Sota.<\/p>\n<p>Desde la Fundaci\u00f3n esperamos de coraz\u00f3n que se cumplan todos vuestros prop\u00f3sitos para este a\u00f1o nuevo. El calendario puede ser descargado desde este enlace y est\u00e1 listo para imprimirse:<\/p>\n<p><a href=\"https:\/\/www.alejandrodelasota.org\/wp-content\/uploads\/2022\/01\/CALENDARIO-AdlS-2022-HQ-1.pdf\">CALENDARIO AdlS 2022 HQ<\/a><\/p>\n","protected":false},"excerpt":{"rendered":"<p>Hace un a\u00f1o festej\u00e1bamos el inicio de una nueva y esperanzadora temporada, en donde quer\u00edamos dejar atr\u00e1s algunos de los malos momentos que nos hab\u00eda dejado la pandemia. Y para compartir con vosotros aquellos deseos de celebraci\u00f3n y ganas por un futuro mejor, creamos una nueva tradici\u00f3n que nos gustar\u00eda continuar en este 2022. El [&hellip;]<\/p>\n","protected":false},"author":1,"featured_media":3324,"comment_status":"open","ping_status":"open","sticky":false,"template":"","format":"standard","meta":[],"categories":[7],"tags":[],"_links":{"self":[{"href":"https:\/\/alejandrodelasota.org\/en\/wp-json\/wp\/v2\/posts\/3323"}],"collection":[{"href":"https:\/\/alejandrodelasota.org\/en\/wp-json\/wp\/v2\/posts"}],"about":[{"href":"https:\/\/alejandrodelasota.org\/en\/wp-json\/wp\/v2\/types\/post"}],"author":[{"embeddable":true,"href":"https:\/\/alejandrodelasota.org\/en\/wp-json\/wp\/v2\/users\/1"}],"replies":[{"embeddable":true,"href":"https:\/\/alejandrodelasota.org\/en\/wp-json\/wp\/v2\/comments?post=3323"}],"version-history":[{"count":9,"href":"https:\/\/alejandrodelasota.org\/en\/wp-json\/wp\/v2\/posts\/3323\/revisions"}],"predecessor-version":[{"id":3462,"href":"https:\/\/alejandrodelasota.org\/en\/wp-json\/wp\/v2\/posts\/3323\/revisions\/3462"}],"wp:featuredmedia":[{"embeddable":true,"href":"https:\/\/alejandrodelasota.org\/en\/wp-json\/wp\/v2\/media\/3324"}],"wp:attachment":[{"href":"https:\/\/alejandrodelasota.org\/en\/wp-json\/wp\/v2\/media?parent=3323"}],"wp:term":[{"taxonomy":"category","embeddable":true,"href":"https:\/\/alejandrodelasota.org\/en\/wp-json\/wp\/v2\/categories?post=3323"},{"taxonomy":"post_tag","embeddable":true,"href":"https:\/\/alejandrodelasota.org\/en\/wp-json\/wp\/v2\/tags?post=3323"}],"curies":[{"name":"wp","href":"https:\/\/api.w.org\/{rel}","templated":true}]}}