{"id":3277,"date":"2021-11-03T18:58:05","date_gmt":"2021-11-03T16:58:05","guid":{"rendered":"https:\/\/www.alejandrodelasota.org\/?p=3277"},"modified":"2022-04-17T13:29:59","modified_gmt":"2022-04-17T11:29:59","slug":"vii-congreso-internacional-pioneros-de-la-arquitectura-moderna-espanola-el-espacio-entre-interior-y-exterior","status":"publish","type":"post","link":"https:\/\/alejandrodelasota.org\/en\/vii-congreso-internacional-pioneros-de-la-arquitectura-moderna-espanola-el-espacio-entre-interior-y-exterior\/","title":{"rendered":"\u2014VII CONGRESO INTERNACIONAL PIONEROS DE LA ARQUITECTURA MODERNA ESPA\u00d1OLA: EL ESPACIO ENTRE INTERIOR Y EXTERIOR\u2014"},"content":{"rendered":"<p><img loading=\"lazy\" src=\"https:\/\/www.alejandrodelasota.org\/wp-content\/uploads\/2021\/11\/BASES_VII-Congreso-1024x384.jpg\" alt=\"\" width=\"1024\" height=\"384\" class=\"aligncenter size-large wp-image-3282\" srcset=\"https:\/\/alejandrodelasota.org\/wp-content\/uploads\/2021\/11\/BASES_VII-Congreso-1024x384.jpg 1024w, https:\/\/alejandrodelasota.org\/wp-content\/uploads\/2021\/11\/BASES_VII-Congreso-300x113.jpg 300w, https:\/\/alejandrodelasota.org\/wp-content\/uploads\/2021\/11\/BASES_VII-Congreso-768x288.jpg 768w, https:\/\/alejandrodelasota.org\/wp-content\/uploads\/2021\/11\/BASES_VII-Congreso.jpg 1859w\" sizes=\"(max-width: 1024px) 100vw, 1024px\" \/><\/p>\n<p>La Fundaci\u00f3n Alejandro de la Sota, en colaboraci\u00f3n con el Ministerio de Transportes, Movilidad y Agenda Urbana y el C\u00edrculo de Bellas Artes, celebrar\u00e1 el pr\u00f3ximo mes de mayo de 2022 el VII Congreso Internacional Pioneros de la Arquitectura Moderna Espa\u00f1ola que llevar\u00e1 por t\u00edtulo: \u201cEl espacio entre interior y exterior\u201d.<\/p>\n<p>Como en anteriores ediciones, el Congreso est\u00e1 dedicado a aquellas generaciones de arquitectos espa\u00f1oles nacidos en torno a las d\u00e9cadas de 1910 y 1920, autores de obras relevantes de nuestra arquitectura. En esta s\u00e9ptima edici\u00f3n del Congreso se trata de analizar una obra o un proyecto donde se ponga de manifiesto la relevancia de los espacios intermedios de articulaci\u00f3n entre lo construido y su espacio exterior.<\/p>\n<p>A partir del 8 de noviembre se podr\u00e1 realizar la Inscripci\u00f3n al congreso y la presentaci\u00f3n de res\u00famenes.<\/p>\n<p>Las bases de la convocatoria se podr\u00e1n descargar <a href=\"https:\/\/congresopionerosarquitectos.com\/static\/pdf\/bases_VII_congreso.pdf\" rel=\"noopener\" target=\"_blank\">aqu\u00ed<\/a> y a trav\u00e9s de:<\/p>\n<p><a href=\"https:\/\/congresopionerosarquitectos.com\/\" rel=\"noopener\" target=\"_blank\">https:\/\/congresopionerosarquitectos.com\/<\/a><br \/>\n<a href=\"https:\/\/www.alejandrodelasota.org\/\" rel=\"noopener\" target=\"_blank\">https:\/\/www.alejandrodelasota.org\/<\/a><br \/>\n<a href=\"https:\/\/archivosarquitectos.com\/\" rel=\"noopener\" target=\"_blank\">https:\/\/archivosarquitectos.com\/ <\/a><\/p>\n","protected":false},"excerpt":{"rendered":"<p>La Fundaci\u00f3n Alejandro de la Sota, en colaboraci\u00f3n con el Ministerio de Transportes, Movilidad y Agenda Urbana y el C\u00edrculo de Bellas Artes, celebrar\u00e1 el pr\u00f3ximo mes de mayo de 2022 el VII Congreso Internacional Pioneros de la Arquitectura Moderna Espa\u00f1ola que llevar\u00e1 por t\u00edtulo: \u201cEl espacio entre interior y exterior\u201d. Como en anteriores ediciones, [&hellip;]<\/p>\n","protected":false},"author":1,"featured_media":3282,"comment_status":"open","ping_status":"open","sticky":false,"template":"","format":"standard","meta":[],"categories":[128],"tags":[],"_links":{"self":[{"href":"https:\/\/alejandrodelasota.org\/en\/wp-json\/wp\/v2\/posts\/3277"}],"collection":[{"href":"https:\/\/alejandrodelasota.org\/en\/wp-json\/wp\/v2\/posts"}],"about":[{"href":"https:\/\/alejandrodelasota.org\/en\/wp-json\/wp\/v2\/types\/post"}],"author":[{"embeddable":true,"href":"https:\/\/alejandrodelasota.org\/en\/wp-json\/wp\/v2\/users\/1"}],"replies":[{"embeddable":true,"href":"https:\/\/alejandrodelasota.org\/en\/wp-json\/wp\/v2\/comments?post=3277"}],"version-history":[{"count":5,"href":"https:\/\/alejandrodelasota.org\/en\/wp-json\/wp\/v2\/posts\/3277\/revisions"}],"predecessor-version":[{"id":3286,"href":"https:\/\/alejandrodelasota.org\/en\/wp-json\/wp\/v2\/posts\/3277\/revisions\/3286"}],"wp:featuredmedia":[{"embeddable":true,"href":"https:\/\/alejandrodelasota.org\/en\/wp-json\/wp\/v2\/media\/3282"}],"wp:attachment":[{"href":"https:\/\/alejandrodelasota.org\/en\/wp-json\/wp\/v2\/media?parent=3277"}],"wp:term":[{"taxonomy":"category","embeddable":true,"href":"https:\/\/alejandrodelasota.org\/en\/wp-json\/wp\/v2\/categories?post=3277"},{"taxonomy":"post_tag","embeddable":true,"href":"https:\/\/alejandrodelasota.org\/en\/wp-json\/wp\/v2\/tags?post=3277"}],"curies":[{"name":"wp","href":"https:\/\/api.w.org\/{rel}","templated":true}]}}