{"id":3253,"date":"2021-08-02T17:45:16","date_gmt":"2021-08-02T15:45:16","guid":{"rendered":"https:\/\/www.alejandrodelasota.org\/?p=3253"},"modified":"2021-08-02T17:45:16","modified_gmt":"2021-08-02T15:45:16","slug":"felices-vacaciones-de-verano-2","status":"publish","type":"post","link":"https:\/\/alejandrodelasota.org\/en\/felices-vacaciones-de-verano-2\/","title":{"rendered":"\u2014FELICES VACACIONES DE VERANO\u2014"},"content":{"rendered":"<p><div id=\"attachment_3254\" style=\"width: 693px\" class=\"wp-caption aligncenter\"><img aria-describedby=\"caption-attachment-3254\" loading=\"lazy\" src=\"https:\/\/www.alejandrodelasota.org\/wp-content\/uploads\/2021\/08\/IMG_5100-683x1024.jpg\" alt=\"\" width=\"683\" height=\"1024\" class=\"size-large wp-image-3254\" srcset=\"https:\/\/alejandrodelasota.org\/wp-content\/uploads\/2021\/08\/IMG_5100-683x1024.jpg 683w, https:\/\/alejandrodelasota.org\/wp-content\/uploads\/2021\/08\/IMG_5100-200x300.jpg 200w, https:\/\/alejandrodelasota.org\/wp-content\/uploads\/2021\/08\/IMG_5100-768x1152.jpg 768w, https:\/\/alejandrodelasota.org\/wp-content\/uploads\/2021\/08\/IMG_5100.jpg 1000w\" sizes=\"(max-width: 683px) 100vw, 683px\" \/><p id=\"caption-attachment-3254\" class=\"wp-caption-text\">Acuarela Alejandro de la Sota<\/p><\/div><\/p>\n<p>Desde la Fundaci\u00f3n Alejandro de la Sota nos gustar\u00eda desearos a todos los amigos, colaboradores, instituciones y patrocinadores unas felices vacaciones de verano. Esperamos que estos d\u00edas sirvan para cargar las pilas y coger mucha fuerza para la pr\u00f3xima temporada, es de vital importancia saber desconectar de vez en cuando y seguir cuidando de los nuestros durante estas fechas.<\/p>\n<p>La imagen que hemos seleccionado para ilustrar la nota es una acuarela de Alejandro de la Sota, pintada el mes de septiembre del a\u00f1o 1949. Quiz\u00e1s no se aprecie en la imagen, pero el blanco de la espuma del mar es el mismo blanco del papel, una manera m\u00e1s de entender que el vac\u00edo forma parte de cualquier composici\u00f3n. Los grandes maestros lo han demostrado en numerosas disciplinas: desde la pintura hasta la escultura, pasando por el dise\u00f1o de espacios en arquitectura. El vac\u00edo no es el negativo de lo mat\u00e9rico, necesita ser entendido como un elemento m\u00e1s del conjunto.<\/p>\n<p>La arquitectura debe buscar pasar en silencio, casi sin hacer ruido, escondiendo en muchas ocasiones una extraordinaria complejidad.<\/p>\n<p>Felices vacaciones de verano a todos.<\/p>","protected":false},"excerpt":{"rendered":"<p>Desde la Fundaci\u00f3n Alejandro de la Sota nos gustar\u00eda desearos a todos los amigos, colaboradores, instituciones y patrocinadores unas felices vacaciones de verano. Esperamos que estos d\u00edas sirvan para cargar las pilas y coger mucha fuerza para la pr\u00f3xima temporada, es de vital importancia saber desconectar de vez en cuando y seguir cuidando de los [&hellip;]<\/p>\n","protected":false},"author":1,"featured_media":3254,"comment_status":"open","ping_status":"open","sticky":false,"template":"","format":"standard","meta":[],"categories":[7],"tags":[],"_links":{"self":[{"href":"https:\/\/alejandrodelasota.org\/en\/wp-json\/wp\/v2\/posts\/3253"}],"collection":[{"href":"https:\/\/alejandrodelasota.org\/en\/wp-json\/wp\/v2\/posts"}],"about":[{"href":"https:\/\/alejandrodelasota.org\/en\/wp-json\/wp\/v2\/types\/post"}],"author":[{"embeddable":true,"href":"https:\/\/alejandrodelasota.org\/en\/wp-json\/wp\/v2\/users\/1"}],"replies":[{"embeddable":true,"href":"https:\/\/alejandrodelasota.org\/en\/wp-json\/wp\/v2\/comments?post=3253"}],"version-history":[{"count":3,"href":"https:\/\/alejandrodelasota.org\/en\/wp-json\/wp\/v2\/posts\/3253\/revisions"}],"predecessor-version":[{"id":3257,"href":"https:\/\/alejandrodelasota.org\/en\/wp-json\/wp\/v2\/posts\/3253\/revisions\/3257"}],"wp:featuredmedia":[{"embeddable":true,"href":"https:\/\/alejandrodelasota.org\/en\/wp-json\/wp\/v2\/media\/3254"}],"wp:attachment":[{"href":"https:\/\/alejandrodelasota.org\/en\/wp-json\/wp\/v2\/media?parent=3253"}],"wp:term":[{"taxonomy":"category","embeddable":true,"href":"https:\/\/alejandrodelasota.org\/en\/wp-json\/wp\/v2\/categories?post=3253"},{"taxonomy":"post_tag","embeddable":true,"href":"https:\/\/alejandrodelasota.org\/en\/wp-json\/wp\/v2\/tags?post=3253"}],"curies":[{"name":"wp","href":"https:\/\/api.w.org\/{rel}","templated":true}]}}