{"id":3248,"date":"2021-07-25T13:09:58","date_gmt":"2021-07-25T11:09:58","guid":{"rendered":"https:\/\/www.alejandrodelasota.org\/?p=3248"},"modified":"2021-07-25T13:09:58","modified_gmt":"2021-07-25T11:09:58","slug":"xii-bienal-alejandro-de-la-sota","status":"publish","type":"post","link":"https:\/\/alejandrodelasota.org\/en\/xii-bienal-alejandro-de-la-sota\/","title":{"rendered":"XII BIENAL ALEJANDRO DE LA SOTA"},"content":{"rendered":"<p><img loading=\"lazy\" src=\"https:\/\/www.alejandrodelasota.org\/wp-content\/uploads\/2021\/07\/CARTELCONCURSO-1024x536.jpg\" alt=\"\" width=\"1024\" height=\"536\" class=\"aligncenter size-large wp-image-3250\" srcset=\"https:\/\/alejandrodelasota.org\/wp-content\/uploads\/2021\/07\/CARTELCONCURSO-1024x536.jpg 1024w, https:\/\/alejandrodelasota.org\/wp-content\/uploads\/2021\/07\/CARTELCONCURSO-300x157.jpg 300w, https:\/\/alejandrodelasota.org\/wp-content\/uploads\/2021\/07\/CARTELCONCURSO-768x402.jpg 768w, https:\/\/alejandrodelasota.org\/wp-content\/uploads\/2021\/07\/CARTELCONCURSO.jpg 1200w\" sizes=\"(max-width: 1024px) 100vw, 1024px\" \/><br \/>\nCon el objetivo de divulgar la arquitectura m\u00e1s significativa, construida entre el a\u00f1o 2019 y 2020 en el \u00e1mbito territorial de Tarragona, se celebra la XII Bienal Alejandro de la Sota. Un galard\u00f3n donde la Fundaci\u00f3n colabora con la Demarcaci\u00f3n de Tarragona del Colegio de Arquitectos de Catalu\u00f1a y que se sigue celebrando desde hace 24 a\u00f1os, muestra de que los valores arquitect\u00f3nicos que dej\u00f3 Alejandro de la Sota siguen todav\u00eda muy vivos.<\/p>\n<p>Las obras que se presenten, pueden adscribirse a diferentes categor\u00edas como edificios de nueva planta de uso p\u00fablico o privado, obras de rehabilitaci\u00f3n, restauraci\u00f3n o reforma; espacios exteriores o intervenciones de interiorismo.<\/p>\n<p>Desde el 30 de julio hasta el 15 de septiembre se abre el plazo de presentaci\u00f3n de las obras.<\/p>\n<p>Desde la Fundaci\u00f3n Alejandro de la Sota nos gustar\u00eda agradecer a la Demarcaci\u00f3n de Tarragona el esfuerzo por distinguir y fomentar la buena arquitectura, y por el cari\u00f1o que nos aportan en cada nueva edici\u00f3n. Como puede leerse en una de las paredes del interior del Colegio:<\/p>\n<p><em>\u201cConseguir que el hombre viva mejor. Que la ciudad sea alegre, humana y abierta al paisaje. Que sus habitantes hagan un trabajo met\u00f3dico y creador de aut\u00e9ntica riqueza. En fin, una posici\u00f3n antag\u00f3nica a las ciudades monstruo, de trabajo de v\u00e9rtigo y de labor est\u00e9ril en producci\u00f3n de riqueza\u201d<\/em>. Alejandro de la Sota.<\/p>\n<p>Puedes <a href=\"https:\/\/www.alejandrodelasota.org\/wp-content\/uploads\/2021\/07\/XII_BIENNAL_BASES_MOSTRA_TGN_ESP.pdf\" target=\"_blank\">descargar las bases aqu\u00ed<\/a>.<\/p>\n","protected":false},"excerpt":{"rendered":"<p>Con el objetivo de divulgar la arquitectura m\u00e1s significativa, construida entre el a\u00f1o 2019 y 2020 en el \u00e1mbito territorial de Tarragona, se celebra la XII Bienal Alejandro de la Sota. Un galard\u00f3n donde la Fundaci\u00f3n colabora con la Demarcaci\u00f3n de Tarragona del Colegio de Arquitectos de Catalu\u00f1a y que se sigue celebrando desde hace [&hellip;]<\/p>\n","protected":false},"author":1,"featured_media":3250,"comment_status":"open","ping_status":"open","sticky":false,"template":"","format":"standard","meta":[],"categories":[7],"tags":[],"_links":{"self":[{"href":"https:\/\/alejandrodelasota.org\/en\/wp-json\/wp\/v2\/posts\/3248"}],"collection":[{"href":"https:\/\/alejandrodelasota.org\/en\/wp-json\/wp\/v2\/posts"}],"about":[{"href":"https:\/\/alejandrodelasota.org\/en\/wp-json\/wp\/v2\/types\/post"}],"author":[{"embeddable":true,"href":"https:\/\/alejandrodelasota.org\/en\/wp-json\/wp\/v2\/users\/1"}],"replies":[{"embeddable":true,"href":"https:\/\/alejandrodelasota.org\/en\/wp-json\/wp\/v2\/comments?post=3248"}],"version-history":[{"count":1,"href":"https:\/\/alejandrodelasota.org\/en\/wp-json\/wp\/v2\/posts\/3248\/revisions"}],"predecessor-version":[{"id":3251,"href":"https:\/\/alejandrodelasota.org\/en\/wp-json\/wp\/v2\/posts\/3248\/revisions\/3251"}],"wp:featuredmedia":[{"embeddable":true,"href":"https:\/\/alejandrodelasota.org\/en\/wp-json\/wp\/v2\/media\/3250"}],"wp:attachment":[{"href":"https:\/\/alejandrodelasota.org\/en\/wp-json\/wp\/v2\/media?parent=3248"}],"wp:term":[{"taxonomy":"category","embeddable":true,"href":"https:\/\/alejandrodelasota.org\/en\/wp-json\/wp\/v2\/categories?post=3248"},{"taxonomy":"post_tag","embeddable":true,"href":"https:\/\/alejandrodelasota.org\/en\/wp-json\/wp\/v2\/tags?post=3248"}],"curies":[{"name":"wp","href":"https:\/\/api.w.org\/{rel}","templated":true}]}}