{"id":3224,"date":"2021-05-18T16:27:17","date_gmt":"2021-05-18T14:27:17","guid":{"rendered":"https:\/\/www.alejandrodelasota.org\/?p=3224"},"modified":"2022-04-17T13:30:15","modified_gmt":"2022-04-17T11:30:15","slug":"streaming-del-vi-congreso-internacional-pioneros-de-la-arquitectura-moderna-espanola-el-proceso-del-proyecto","status":"publish","type":"post","link":"https:\/\/alejandrodelasota.org\/en\/streaming-del-vi-congreso-internacional-pioneros-de-la-arquitectura-moderna-espanola-el-proceso-del-proyecto\/","title":{"rendered":"STREAMING DEL VI CONGRESO INTERNACIONAL PIONEROS DE LA ARQUITECTURA MODERNA ESPA\u00d1OLA: EL PROCESO DEL PROYECTO"},"content":{"rendered":"<p><img loading=\"lazy\" class=\"aligncenter size-large wp-image-3226\" src=\"https:\/\/www.alejandrodelasota.org\/wp-content\/uploads\/2021\/05\/cartelVIcongreso-1024x576.jpg\" alt=\"\" width=\"1024\" height=\"576\" srcset=\"https:\/\/alejandrodelasota.org\/wp-content\/uploads\/2021\/05\/cartelVIcongreso-1024x576.jpg 1024w, https:\/\/alejandrodelasota.org\/wp-content\/uploads\/2021\/05\/cartelVIcongreso-300x169.jpg 300w, https:\/\/alejandrodelasota.org\/wp-content\/uploads\/2021\/05\/cartelVIcongreso-768x432.jpg 768w, https:\/\/alejandrodelasota.org\/wp-content\/uploads\/2021\/05\/cartelVIcongreso.jpg 1920w\" sizes=\"(max-width: 1024px) 100vw, 1024px\" \/><\/p>\n<p>Somos conscientes de que el a\u00f1o 2020 fue complicado. Debido a la situaci\u00f3n de pandemia, tuvimos que posponer la VI edici\u00f3n del Congreso Internacional Pioneros de la Arquitectura Moderna Espa\u00f1ola por motivos sanitarios. Este a\u00f1o y con la idea de acercar sus ponencias a todos vosotros, transmitiremos en directo el evento para dar difusi\u00f3n al alto nivel de los trabajos seleccionados.<\/p>\n<p>Las valoraciones del comit\u00e9 cient\u00edfico no dejan dudas: se trata de la convocatoria con mayor calidad media de las seis celebradas hasta la fecha. Por ello, hemos decidido poner el Congreso en boca de todos, para que particip\u00e9is y disfrut\u00e9is con las presentaciones que han preparado durante tanto tiempo sus ponentes.<\/p>\n<p>A las <strong>10:00 de la ma\u00f1ana del viernes 28<\/strong>, el Congreso ser\u00e1 inaugurado por Juan Miguel Hern\u00e1ndez de Le\u00f3n (Presidente del C\u00edrculo de Bellas Artes) e I\u00f1aqui Carnicero (Director General de Agenda Urbana y Arquitectura) y retransmitido desde la sala Valle Incl\u00e1n del C\u00edrculo de Bellas Artes de Madrid para todo el mundo.<\/p>\n<p>Desde la Fundaci\u00f3n no solo os animamos a seguir de cerca el evento en nuestros canales de difusi\u00f3n. Nos gustar\u00eda que particip\u00e9is en el debate que se generar\u00e1 a trav\u00e9s de redes sociales y que contar\u00e1 con un espacio en el canal de YouTube habilitado a ello. Vuestra opini\u00f3n es importante para dar visibilidad a todo el proyecto, preparado con mimo para que llegue a todos aquellos que en anteriores ediciones no ten\u00edais la posibilidad de asistir.<\/p>\n<p>Pod\u00e9is seguir el evento a trav\u00e9s de los siguientes links:<\/p>\n<ul>\n<li>YOUTUBE:\u00a0<a href=\"https:\/\/youtu.be\/36R-zL8KK60\">https:\/\/youtu.be\/36R-zL8KK60<\/a><\/li>\n<li>WEB CONGRESOPIONEROS:\u00a0<a href=\"https:\/\/cutt.ly\/7bBUlTM\" data-saferedirecturl=\"https:\/\/www.google.com\/url?q=https:\/\/cutt.ly\/7bBUlTM&amp;source=gmail&amp;ust=1621429681747000&amp;usg=AFQjCNHuWCgRB28nC0X_mAbRo8jEfBubNA\">https:\/\/cutt.ly\/7bBUlTM<\/a><\/li>\n<\/ul>\n<p>El Programa del Congreso con los horarios de participaci\u00f3n de cada ponente y los moderadores que participar\u00e1n en cada debate se encuentra disponible para la <a href=\"https:\/\/www.alejandrodelasota.org\/wp-content\/uploads\/2021\/05\/VICongresoPrograma.pdf\" target=\"_blank\" rel=\"noopener\">descarga aqu\u00ed<\/a>.<\/p>\n","protected":false},"excerpt":{"rendered":"<p>Somos conscientes de que el a\u00f1o 2020 fue complicado. Debido a la situaci\u00f3n de pandemia, tuvimos que posponer la VI edici\u00f3n del Congreso Internacional Pioneros de la Arquitectura Moderna Espa\u00f1ola por motivos sanitarios. Este a\u00f1o y con la idea de acercar sus ponencias a todos vosotros, transmitiremos en directo el evento para dar difusi\u00f3n al [&hellip;]<\/p>\n","protected":false},"author":1,"featured_media":3226,"comment_status":"open","ping_status":"open","sticky":false,"template":"","format":"standard","meta":[],"categories":[128],"tags":[],"_links":{"self":[{"href":"https:\/\/alejandrodelasota.org\/en\/wp-json\/wp\/v2\/posts\/3224"}],"collection":[{"href":"https:\/\/alejandrodelasota.org\/en\/wp-json\/wp\/v2\/posts"}],"about":[{"href":"https:\/\/alejandrodelasota.org\/en\/wp-json\/wp\/v2\/types\/post"}],"author":[{"embeddable":true,"href":"https:\/\/alejandrodelasota.org\/en\/wp-json\/wp\/v2\/users\/1"}],"replies":[{"embeddable":true,"href":"https:\/\/alejandrodelasota.org\/en\/wp-json\/wp\/v2\/comments?post=3224"}],"version-history":[{"count":4,"href":"https:\/\/alejandrodelasota.org\/en\/wp-json\/wp\/v2\/posts\/3224\/revisions"}],"predecessor-version":[{"id":3231,"href":"https:\/\/alejandrodelasota.org\/en\/wp-json\/wp\/v2\/posts\/3224\/revisions\/3231"}],"wp:featuredmedia":[{"embeddable":true,"href":"https:\/\/alejandrodelasota.org\/en\/wp-json\/wp\/v2\/media\/3226"}],"wp:attachment":[{"href":"https:\/\/alejandrodelasota.org\/en\/wp-json\/wp\/v2\/media?parent=3224"}],"wp:term":[{"taxonomy":"category","embeddable":true,"href":"https:\/\/alejandrodelasota.org\/en\/wp-json\/wp\/v2\/categories?post=3224"},{"taxonomy":"post_tag","embeddable":true,"href":"https:\/\/alejandrodelasota.org\/en\/wp-json\/wp\/v2\/tags?post=3224"}],"curies":[{"name":"wp","href":"https:\/\/api.w.org\/{rel}","templated":true}]}}