{"id":3175,"date":"2021-01-18T10:39:18","date_gmt":"2021-01-18T08:39:18","guid":{"rendered":"https:\/\/www.alejandrodelasota.org\/?p=3175"},"modified":"2021-01-18T15:30:26","modified_gmt":"2021-01-18T13:30:26","slug":"i-concurso-internacional-instafas-alejandro-de-la-sota-atmosferas","status":"publish","type":"post","link":"https:\/\/alejandrodelasota.org\/en\/i-concurso-internacional-instafas-alejandro-de-la-sota-atmosferas\/","title":{"rendered":"I Concurso Internacional InstaFASota. Alejandro de la Sota: Atm\u00f3sferas"},"content":{"rendered":"<p><img loading=\"lazy\" src=\"https:\/\/www.alejandrodelasota.org\/wp-content\/uploads\/2021\/01\/I-Concurso-Internacional-InstaFASota-1024x576.png\" alt=\"\" width=\"1024\" height=\"576\" class=\"aligncenter size-large wp-image-3181\" srcset=\"https:\/\/alejandrodelasota.org\/wp-content\/uploads\/2021\/01\/I-Concurso-Internacional-InstaFASota-1024x576.png 1024w, https:\/\/alejandrodelasota.org\/wp-content\/uploads\/2021\/01\/I-Concurso-Internacional-InstaFASota-300x169.png 300w, https:\/\/alejandrodelasota.org\/wp-content\/uploads\/2021\/01\/I-Concurso-Internacional-InstaFASota-768x432.png 768w, https:\/\/alejandrodelasota.org\/wp-content\/uploads\/2021\/01\/I-Concurso-Internacional-InstaFASota.png 1920w\" sizes=\"(max-width: 1024px) 100vw, 1024px\" \/><\/p>\n<blockquote><p>\u201dLa M\u00fasica es el aire que suena; la Arquitectura es el aire que\u00a0 respiramos, pero un aire cargado de olores, de sabidur\u00eda, un aire\u00a0transformado por eso mismo, por la Arquitectura\u201d.\u00a0<em>Alejandro de la Sota<\/em><\/p><\/blockquote>\n<p>Peter Zumthor dec\u00eda que en todo buen proyecto tiene que existir una atm\u00f3sfera.<\/p>\n<p>Sus espacios deben generar sensaciones en nosotros, creadas por diferentes elementos. Desde la presencia material de su estructura hasta la temperatura de su espacio, pasando por la relaci\u00f3n entre el interior y el exterior.<\/p>\n<p>\u00bfQu\u00e9 representa para ti\u00a0la\u00a0atm\u00f3sfera en arquitectura?<\/p>\n<p>O mejor dicho, \u00bfC\u00f3mo la definir\u00edas gr\u00e1ficamente?<\/p>\n<p>Ese es el objetivo del I Concurso Internacional #InstaFASota: dise\u00f1ar una imagen elaborada, de creaci\u00f3n o interpretaci\u00f3n libre y bas\u00e1ndose en cualquiera de las obras construidas o los proyectos de Alejandro de la Sota, que sea capaz de transmitir una buena atm\u00f3sfera. La t\u00e9cnica es libre, pudiendo elegir entre fotograf\u00eda, dibujo, fotomontaje o collage.<\/p>\n<p>\u00bfEl \u00fanico <strong>requisito<\/strong>?<\/p>\n<p><strong>Publicar la creaci\u00f3n en Instagram, incluyendo:<\/strong><\/p>\n<ul>\n<li><strong>Lema o t\u00edtulo de la obra.<\/strong><\/li>\n<li><strong>Los hashtags:<br \/>\n<\/strong><strong>@fundacionasota<br \/>\n<\/strong><strong>#fundacionasota<br \/>\n<\/strong><strong>#InstaFASota<\/strong><\/li>\n<\/ul>\n<p>Las tres propuestas ganadoras recibir\u00e1n un certificado acreditativo y su obra se incluir\u00e1 en un cat\u00e1logo y una exposici\u00f3n itinerante que recorrer\u00e1 las escuelas de arquitectura que participen. Tambi\u00e9n se repartir\u00e1n un premio en met\u00e1lico de 450\u20ac, adem\u00e1s de monograf\u00edas\u00a0de obras\u00a0de Alejandro de la Sota\u00a0y\u00a0una reproducci\u00f3n\u00a0con n\u00famero de serie de un croquis o dibujo de\u00a0AdlS para el ganador.<\/p>\n<p>La imagen que m\u00e1s \u2018likes\u2019 obtenga en Instagram recibir\u00e1 el \u2018Premio del P\u00fablico\u2019 con 100\u20ac en met\u00e1lico y las diez m\u00e1s populares en la red social tambi\u00e9n tendr\u00e1n reconocimiento. Adem\u00e1s, entre todos los participantes, se sortear\u00e1 una monograf\u00eda\u00a0de una obra\u00a0de AdlS.<\/p>\n<p>El plazo m\u00e1ximo de entrega ser\u00e1 el 15 de febrero de 2021 a las 23:59 hora peninsular espa\u00f1ola.<\/p>\n<p><a href=\"https:\/\/www.alejandrodelasota.org\/wp-content\/uploads\/2021\/01\/IConcursoInternacional-InstaFAS.pdf\" target=\"_blank\" rel=\"noopener\">Consulta las bases del concurso<\/a><\/p>\n<p>&nbsp;<\/p>\n","protected":false},"excerpt":{"rendered":"<p>\u201dLa M\u00fasica es el aire que suena; la Arquitectura es el aire que\u00a0 respiramos, pero un aire cargado de olores, de sabidur\u00eda, un aire\u00a0transformado por eso mismo, por la Arquitectura\u201d.\u00a0Alejandro de la Sota Peter Zumthor dec\u00eda que en todo buen proyecto tiene que existir una atm\u00f3sfera. Sus espacios deben generar sensaciones en nosotros, creadas por [&hellip;]<\/p>\n","protected":false},"author":1,"featured_media":3181,"comment_status":"open","ping_status":"open","sticky":false,"template":"","format":"standard","meta":[],"categories":[7],"tags":[],"_links":{"self":[{"href":"https:\/\/alejandrodelasota.org\/en\/wp-json\/wp\/v2\/posts\/3175"}],"collection":[{"href":"https:\/\/alejandrodelasota.org\/en\/wp-json\/wp\/v2\/posts"}],"about":[{"href":"https:\/\/alejandrodelasota.org\/en\/wp-json\/wp\/v2\/types\/post"}],"author":[{"embeddable":true,"href":"https:\/\/alejandrodelasota.org\/en\/wp-json\/wp\/v2\/users\/1"}],"replies":[{"embeddable":true,"href":"https:\/\/alejandrodelasota.org\/en\/wp-json\/wp\/v2\/comments?post=3175"}],"version-history":[{"count":4,"href":"https:\/\/alejandrodelasota.org\/en\/wp-json\/wp\/v2\/posts\/3175\/revisions"}],"predecessor-version":[{"id":3183,"href":"https:\/\/alejandrodelasota.org\/en\/wp-json\/wp\/v2\/posts\/3175\/revisions\/3183"}],"wp:featuredmedia":[{"embeddable":true,"href":"https:\/\/alejandrodelasota.org\/en\/wp-json\/wp\/v2\/media\/3181"}],"wp:attachment":[{"href":"https:\/\/alejandrodelasota.org\/en\/wp-json\/wp\/v2\/media?parent=3175"}],"wp:term":[{"taxonomy":"category","embeddable":true,"href":"https:\/\/alejandrodelasota.org\/en\/wp-json\/wp\/v2\/categories?post=3175"},{"taxonomy":"post_tag","embeddable":true,"href":"https:\/\/alejandrodelasota.org\/en\/wp-json\/wp\/v2\/tags?post=3175"}],"curies":[{"name":"wp","href":"https:\/\/api.w.org\/{rel}","templated":true}]}}