{"id":3170,"date":"2020-12-22T13:40:54","date_gmt":"2020-12-22T11:40:54","guid":{"rendered":"https:\/\/www.alejandrodelasota.org\/?p=3170"},"modified":"2020-12-22T13:40:54","modified_gmt":"2020-12-22T11:40:54","slug":"felices-fiestas","status":"publish","type":"post","link":"https:\/\/alejandrodelasota.org\/en\/felices-fiestas\/","title":{"rendered":"FELICES FIESTAS"},"content":{"rendered":"<p>Somos conscientes de que ha sido un a\u00f1o complicado.<\/p>\n<p>Nadie imaginaba que en tan poco tiempo podr\u00eda cambiar tanto nuestra manera de vivir, de viajar o de interactuar con nuestros seres queridos. Hace doce meses era impensable concebir un escenario como el de hoy, con tantas restricciones; en donde la salud del mundo entero iba a ser cuestionada por un virus que desconoc\u00edamos.<\/p>\n<p>Por ello, estas fechas son m\u00e1s importantes que nunca.<\/p>\n<p>D\u00edas para creer en un a\u00f1o mejor, donde comenzaremos a ver la luz al final del t\u00fanel. D\u00edas que quiz\u00e1s no podamos celebrar como quisi\u00e9ramos, pero con la esperanza puesta en que el 2021 ser\u00e1 el inicio de algo muy grande.<\/p>\n<p>Desde la Fundaci\u00f3n Alejandro de la Sota queremos aportar nuestro peque\u00f1o grano de arena regalando un calendario muy especial, pensado para que pueda ser impreso en formato A3, con im\u00e1genes y frases de don Alejandro. De esta manera nos gustar\u00eda agradecer a todos los amigos, colaboradores, instituciones y patrocinadores todo el apoyo mostrado, esperando que el 2021 llegue cargado de ilusiones. Sin vosotros no ser\u00eda posible este proyecto, que nos mantiene entusiasmados con todo lo que viene por delante.<\/p>\n<p><a href=\"https:\/\/www.alejandrodelasota.org\/wp-content\/uploads\/2020\/12\/ADelaSOTA_2021.pdf\" target=\"_blank\">Descarga el Calendario, Listo para imprimir<\/a><br \/>\n<a href=\"https:\/\/www.alejandrodelasota.org\/wp-content\/uploads\/2020\/12\/ADelaSOTA_2021.pdf\"  target=\"_blank\"><img loading=\"lazy\" src=\"https:\/\/www.alejandrodelasota.org\/wp-content\/uploads\/2020\/12\/calendario2021-1024x578.png\" alt=\"\" width=\"1024\" height=\"578\" class=\"aligncenter size-large wp-image-3172\" srcset=\"https:\/\/alejandrodelasota.org\/wp-content\/uploads\/2020\/12\/calendario2021-1024x578.png 1024w, https:\/\/alejandrodelasota.org\/wp-content\/uploads\/2020\/12\/calendario2021-300x169.png 300w, https:\/\/alejandrodelasota.org\/wp-content\/uploads\/2020\/12\/calendario2021-768x433.png 768w, https:\/\/alejandrodelasota.org\/wp-content\/uploads\/2020\/12\/calendario2021.png 2042w\" sizes=\"(max-width: 1024px) 100vw, 1024px\" \/><\/a><\/p>\n","protected":false},"excerpt":{"rendered":"<p>Somos conscientes de que ha sido un a\u00f1o complicado. Nadie imaginaba que en tan poco tiempo podr\u00eda cambiar tanto nuestra manera de vivir, de viajar o de interactuar con nuestros seres queridos. Hace doce meses era impensable concebir un escenario como el de hoy, con tantas restricciones; en donde la salud del mundo entero iba [&hellip;]<\/p>\n","protected":false},"author":1,"featured_media":3172,"comment_status":"open","ping_status":"open","sticky":false,"template":"","format":"standard","meta":[],"categories":[7],"tags":[],"_links":{"self":[{"href":"https:\/\/alejandrodelasota.org\/en\/wp-json\/wp\/v2\/posts\/3170"}],"collection":[{"href":"https:\/\/alejandrodelasota.org\/en\/wp-json\/wp\/v2\/posts"}],"about":[{"href":"https:\/\/alejandrodelasota.org\/en\/wp-json\/wp\/v2\/types\/post"}],"author":[{"embeddable":true,"href":"https:\/\/alejandrodelasota.org\/en\/wp-json\/wp\/v2\/users\/1"}],"replies":[{"embeddable":true,"href":"https:\/\/alejandrodelasota.org\/en\/wp-json\/wp\/v2\/comments?post=3170"}],"version-history":[{"count":1,"href":"https:\/\/alejandrodelasota.org\/en\/wp-json\/wp\/v2\/posts\/3170\/revisions"}],"predecessor-version":[{"id":3173,"href":"https:\/\/alejandrodelasota.org\/en\/wp-json\/wp\/v2\/posts\/3170\/revisions\/3173"}],"wp:featuredmedia":[{"embeddable":true,"href":"https:\/\/alejandrodelasota.org\/en\/wp-json\/wp\/v2\/media\/3172"}],"wp:attachment":[{"href":"https:\/\/alejandrodelasota.org\/en\/wp-json\/wp\/v2\/media?parent=3170"}],"wp:term":[{"taxonomy":"category","embeddable":true,"href":"https:\/\/alejandrodelasota.org\/en\/wp-json\/wp\/v2\/categories?post=3170"},{"taxonomy":"post_tag","embeddable":true,"href":"https:\/\/alejandrodelasota.org\/en\/wp-json\/wp\/v2\/tags?post=3170"}],"curies":[{"name":"wp","href":"https:\/\/api.w.org\/{rel}","templated":true}]}}