{"id":3158,"date":"2020-10-18T21:38:33","date_gmt":"2020-10-18T19:38:33","guid":{"rendered":"https:\/\/www.alejandrodelasota.org\/?p=3158"},"modified":"2020-10-18T21:39:52","modified_gmt":"2020-10-18T19:39:52","slug":"por-una-arquitectura-logica-y-otros-escritos","status":"publish","type":"post","link":"https:\/\/alejandrodelasota.org\/en\/por-una-arquitectura-logica-y-otros-escritos\/","title":{"rendered":"POR UNA ARQUITECTURA L\u00d3GICA Y OTROS ESCRITOS"},"content":{"rendered":"<p><img loading=\"lazy\" class=\"aligncenter size-large wp-image-3159\" src=\"https:\/\/www.alejandrodelasota.org\/wp-content\/uploads\/2020\/10\/ALEJANDRO-DE-LA-SOTA-Por-una-arquitectura-lo\u0301gica-1024x576.png\" alt=\"\" width=\"1024\" height=\"576\" srcset=\"https:\/\/alejandrodelasota.org\/wp-content\/uploads\/2020\/10\/ALEJANDRO-DE-LA-SOTA-Por-una-arquitectura-lo\u0301gica-1024x576.png 1024w, https:\/\/alejandrodelasota.org\/wp-content\/uploads\/2020\/10\/ALEJANDRO-DE-LA-SOTA-Por-una-arquitectura-lo\u0301gica-300x169.png 300w, https:\/\/alejandrodelasota.org\/wp-content\/uploads\/2020\/10\/ALEJANDRO-DE-LA-SOTA-Por-una-arquitectura-lo\u0301gica-768x432.png 768w, https:\/\/alejandrodelasota.org\/wp-content\/uploads\/2020\/10\/ALEJANDRO-DE-LA-SOTA-Por-una-arquitectura-lo\u0301gica.png 1920w\" sizes=\"(max-width: 1024px) 100vw, 1024px\" \/><\/p>\n<p><strong>\u201cNo hay arquitecturas, hay problemas y al resolver un problema seg\u00fan los condiciones y los datos que tenemos sale una arquitectura.\u201d<\/strong><\/p>\n<p>Como bien nos cuenta en el pr\u00f3logo Mois\u00e9s Puente, editor del libro: \u201cAlejandro de la Sota no se prodigaba demasiado escribiendo, y podr\u00eda decirse que, como suced\u00eda con su arquitectura, solo lo hac\u00eda cuando lo cre\u00eda necesario\u201d.<\/p>\n<p>En unos momentos en los que la crisis golpea no solo la salud, sino tambi\u00e9n las ideas, las creencias, nuestro propio papel en el mundo, merece la pena volver al pensamiento transparente, tranquilizador, esperanzado, l\u00f3gico y po\u00e9tico de los textos con los que Alejandro de la Sota trat\u00f3 de hablar de su arquitectura. Siempre dec\u00eda que no es la palabra el medio de expresi\u00f3n del arquitecto, sin embargo, a trav\u00e9s de ellos se nos iluminan no solo sus obras sino, lo que quiz\u00e1s sea m\u00e1s importante, una forma de entender la arquitectura. Os animamos a leerlo y a disfrutarlo, a compartir tambi\u00e9n aquello que os inspire, a comentarlo en vuestros blogs, o twitter o, cuando llegue el momento, en conversaci\u00f3n tranquila con los colegas de profesi\u00f3n.<\/p>\n<p>&nbsp;<\/p>\n<div id=\"attachment_3160\" style=\"width: 212px\" class=\"wp-caption aligncenter\"><a href=\"https:\/\/www.alejandrodelasota.org\/tienda-de-publicaciones\/13-alejandro-de-la-sota-por-una-arquitectura-l%C3%B3gica-y-otros-escritos.html\" target=\"_blank\" rel=\"noopener\"><img aria-describedby=\"caption-attachment-3160\" loading=\"lazy\" class=\"wp-image-3160 size-medium\" src=\"https:\/\/www.alejandrodelasota.org\/wp-content\/uploads\/2020\/10\/Alejandro-de-la-Sota_cubierta_promo_cas_200921-202x300.jpg\" alt=\"\" width=\"202\" height=\"300\" srcset=\"https:\/\/alejandrodelasota.org\/wp-content\/uploads\/2020\/10\/Alejandro-de-la-Sota_cubierta_promo_cas_200921-202x300.jpg 202w, https:\/\/alejandrodelasota.org\/wp-content\/uploads\/2020\/10\/Alejandro-de-la-Sota_cubierta_promo_cas_200921-768x1139.jpg 768w, https:\/\/alejandrodelasota.org\/wp-content\/uploads\/2020\/10\/Alejandro-de-la-Sota_cubierta_promo_cas_200921-690x1024.jpg 690w, https:\/\/alejandrodelasota.org\/wp-content\/uploads\/2020\/10\/Alejandro-de-la-Sota_cubierta_promo_cas_200921.jpg 1113w\" sizes=\"(max-width: 202px) 100vw, 202px\" \/><\/a><p id=\"caption-attachment-3160\" class=\"wp-caption-text\">Ya disponible en la tienda de publicaciones<\/p><\/div>\n<p>&nbsp;<\/p>\n","protected":false},"excerpt":{"rendered":"<p>\u201cNo hay arquitecturas, hay problemas y al resolver un problema seg\u00fan los condiciones y los datos que tenemos sale una arquitectura.\u201d Como bien nos cuenta en el pr\u00f3logo Mois\u00e9s Puente, editor del libro: \u201cAlejandro de la Sota no se prodigaba demasiado escribiendo, y podr\u00eda decirse que, como suced\u00eda con su arquitectura, solo lo hac\u00eda cuando [&hellip;]<\/p>\n","protected":false},"author":1,"featured_media":3159,"comment_status":"open","ping_status":"open","sticky":false,"template":"","format":"standard","meta":[],"categories":[7],"tags":[],"_links":{"self":[{"href":"https:\/\/alejandrodelasota.org\/en\/wp-json\/wp\/v2\/posts\/3158"}],"collection":[{"href":"https:\/\/alejandrodelasota.org\/en\/wp-json\/wp\/v2\/posts"}],"about":[{"href":"https:\/\/alejandrodelasota.org\/en\/wp-json\/wp\/v2\/types\/post"}],"author":[{"embeddable":true,"href":"https:\/\/alejandrodelasota.org\/en\/wp-json\/wp\/v2\/users\/1"}],"replies":[{"embeddable":true,"href":"https:\/\/alejandrodelasota.org\/en\/wp-json\/wp\/v2\/comments?post=3158"}],"version-history":[{"count":3,"href":"https:\/\/alejandrodelasota.org\/en\/wp-json\/wp\/v2\/posts\/3158\/revisions"}],"predecessor-version":[{"id":3163,"href":"https:\/\/alejandrodelasota.org\/en\/wp-json\/wp\/v2\/posts\/3158\/revisions\/3163"}],"wp:featuredmedia":[{"embeddable":true,"href":"https:\/\/alejandrodelasota.org\/en\/wp-json\/wp\/v2\/media\/3159"}],"wp:attachment":[{"href":"https:\/\/alejandrodelasota.org\/en\/wp-json\/wp\/v2\/media?parent=3158"}],"wp:term":[{"taxonomy":"category","embeddable":true,"href":"https:\/\/alejandrodelasota.org\/en\/wp-json\/wp\/v2\/categories?post=3158"},{"taxonomy":"post_tag","embeddable":true,"href":"https:\/\/alejandrodelasota.org\/en\/wp-json\/wp\/v2\/tags?post=3158"}],"curies":[{"name":"wp","href":"https:\/\/api.w.org\/{rel}","templated":true}]}}