{"id":3144,"date":"2020-02-14T11:34:51","date_gmt":"2020-02-14T09:34:51","guid":{"rendered":"https:\/\/www.alejandrodelasota.org\/?p=3144"},"modified":"2020-02-17T11:37:36","modified_gmt":"2020-02-17T09:37:36","slug":"aniversario","status":"publish","type":"post","link":"https:\/\/alejandrodelasota.org\/en\/aniversario\/","title":{"rendered":"Aniversario"},"content":{"rendered":"<p><img loading=\"lazy\" class=\"aligncenter size-full wp-image-3145\" src=\"https:\/\/www.alejandrodelasota.org\/wp-content\/uploads\/2020\/02\/ADelaSOTA-Aniversario-2020.jpg\" alt=\"\" width=\"778\" height=\"349\" srcset=\"https:\/\/alejandrodelasota.org\/wp-content\/uploads\/2020\/02\/ADelaSOTA-Aniversario-2020.jpg 778w, https:\/\/alejandrodelasota.org\/wp-content\/uploads\/2020\/02\/ADelaSOTA-Aniversario-2020-300x135.jpg 300w, https:\/\/alejandrodelasota.org\/wp-content\/uploads\/2020\/02\/ADelaSOTA-Aniversario-2020-768x345.jpg 768w\" sizes=\"(max-width: 778px) 100vw, 778px\" \/><\/p>\n<p>Hace ya 24 a\u00f1os que muri\u00f3 Alejandro de la Sota. Para los que le conocimos, una eternidad que ha pasado muy de prisa. Pero nos queda su recuerdo y sus obras llenas de coherencia, de \u201csencillez sencilla\u201d como le gustaba repetir. Y, tambi\u00e9n, de ilusi\u00f3n por un oficio, una profesi\u00f3n que vivi\u00f3 con compromiso y disfrute. En estos a\u00f1os en la Fundaci\u00f3n hemos trabajado para que su legado siguiera disponible para las generaciones futuras. En uno de sus escritos evoca el deseo inalcanzable de mantener siempre la frescura y la ilusi\u00f3n de los j\u00f3venes reci\u00e9n graduados.<\/p>\n<p><strong>\u201cDesead, como todos debemos hacerlo siempre, ser durante toda la vida de arquitectos uno m\u00e1s de esta \u00faltima promoci\u00f3n que acaba; siempre siendo reci\u00e9n salidos de la Escuela, tendremos toda una arquitectura por delante\u201d.<\/strong><\/p>\n<p>A ellos dedicamos este d\u00eda y esta Fundaci\u00f3n.<\/p>\n<p>Mil gracias por estar desde hace 24 a\u00f1os con nosotros.<\/p>\n","protected":false},"excerpt":{"rendered":"<p>Hace ya 24 a\u00f1os que muri\u00f3 Alejandro de la Sota. Para los que le conocimos, una eternidad que ha pasado muy de prisa. Pero nos queda su recuerdo y sus obras llenas de coherencia, de \u201csencillez sencilla\u201d como le gustaba repetir. Y, tambi\u00e9n, de ilusi\u00f3n por un oficio, una profesi\u00f3n que vivi\u00f3 con compromiso y [&hellip;]<\/p>\n","protected":false},"author":1,"featured_media":1729,"comment_status":"open","ping_status":"open","sticky":false,"template":"","format":"standard","meta":[],"categories":[7],"tags":[],"_links":{"self":[{"href":"https:\/\/alejandrodelasota.org\/en\/wp-json\/wp\/v2\/posts\/3144"}],"collection":[{"href":"https:\/\/alejandrodelasota.org\/en\/wp-json\/wp\/v2\/posts"}],"about":[{"href":"https:\/\/alejandrodelasota.org\/en\/wp-json\/wp\/v2\/types\/post"}],"author":[{"embeddable":true,"href":"https:\/\/alejandrodelasota.org\/en\/wp-json\/wp\/v2\/users\/1"}],"replies":[{"embeddable":true,"href":"https:\/\/alejandrodelasota.org\/en\/wp-json\/wp\/v2\/comments?post=3144"}],"version-history":[{"count":1,"href":"https:\/\/alejandrodelasota.org\/en\/wp-json\/wp\/v2\/posts\/3144\/revisions"}],"predecessor-version":[{"id":3146,"href":"https:\/\/alejandrodelasota.org\/en\/wp-json\/wp\/v2\/posts\/3144\/revisions\/3146"}],"wp:featuredmedia":[{"embeddable":true,"href":"https:\/\/alejandrodelasota.org\/en\/wp-json\/wp\/v2\/media\/1729"}],"wp:attachment":[{"href":"https:\/\/alejandrodelasota.org\/en\/wp-json\/wp\/v2\/media?parent=3144"}],"wp:term":[{"taxonomy":"category","embeddable":true,"href":"https:\/\/alejandrodelasota.org\/en\/wp-json\/wp\/v2\/categories?post=3144"},{"taxonomy":"post_tag","embeddable":true,"href":"https:\/\/alejandrodelasota.org\/en\/wp-json\/wp\/v2\/tags?post=3144"}],"curies":[{"name":"wp","href":"https:\/\/api.w.org\/{rel}","templated":true}]}}