{"id":2940,"date":"2018-10-06T18:53:59","date_gmt":"2018-10-06T16:53:59","guid":{"rendered":"https:\/\/www.alejandrodelasota.org\/?p=2940"},"modified":"2018-10-06T18:53:59","modified_gmt":"2018-10-06T16:53:59","slug":"presentacion-del-libro-cesar-cort-y-la-cultura-urbanistica-de-su-tiempo","status":"publish","type":"post","link":"https:\/\/alejandrodelasota.org\/en\/presentacion-del-libro-cesar-cort-y-la-cultura-urbanistica-de-su-tiempo\/","title":{"rendered":"Presentaci\u00f3n del Libro &#8220;Cesar Cort y la Cultura Urban\u00edstica de su tiempo&#8221;"},"content":{"rendered":"<p><img loading=\"lazy\" class=\"aligncenter size-full wp-image-2941\" src=\"https:\/\/www.alejandrodelasota.org\/wp-content\/uploads\/2018\/10\/e1e5f6ac-515b-4a68-9b3a-b00c77de28ce.jpg\" alt=\"\" width=\"900\" height=\"675\" srcset=\"https:\/\/alejandrodelasota.org\/wp-content\/uploads\/2018\/10\/e1e5f6ac-515b-4a68-9b3a-b00c77de28ce.jpg 900w, https:\/\/alejandrodelasota.org\/wp-content\/uploads\/2018\/10\/e1e5f6ac-515b-4a68-9b3a-b00c77de28ce-300x225.jpg 300w, https:\/\/alejandrodelasota.org\/wp-content\/uploads\/2018\/10\/e1e5f6ac-515b-4a68-9b3a-b00c77de28ce-768x576.jpg 768w\" sizes=\"(max-width: 900px) 100vw, 900px\" \/><\/p>\n<p>Como sab\u00e9is la Fundaci\u00f3n quiere ser tambi\u00e9n un lugar de encuentro para las personas e instituciones que rescatan y se preocupan por nuestro patrimonio arquitect\u00f3nico.\u00a0Hemos recibido la invitaci\u00f3n para la presentaci\u00f3n del libro &#8220;Cesar Cort y la Cultura Urban\u00edstica de su tiempo&#8221; que queremos trasladar a todos nuestros amigos y colaboradores.<\/p>\n<p>La presentaci\u00f3n se celebrar\u00e1 el pr\u00f3ximo\u00a0<strong>Jueves 11 de octubre a las 19.00 horas<\/strong>\u00a0en la residencia de estudiantes en la\u00a0<strong><a href=\"https:\/\/maps.google.com\/?q=calle+pinar+21&amp;entry=gmail&amp;source=g\" target=\"_blank\" rel=\"noopener\" data-saferedirecturl=\"https:\/\/www.google.com\/url?q=https:\/\/maps.google.com\/?q%3Dcalle%2Bpinar%2B21%26entry%3Dgmail%26source%3Dg&amp;source=gmail&amp;ust=1538926904566000&amp;usg=AFQjCNFxCuTmzDY7isDzt1H6EX45qk9H3g\">calle pinar 21<\/a><\/strong>, Junto con la autora\u00a0 Mar\u00eda Cristina Garc\u00eda Gonzalez se hallaran:<\/p>\n<p>Jos\u00e9 Mar\u00eda Ezquiaga, Carlos Sambricio, Ricardo S\u00e1nchez Lampreave, Fernando de Ter\u00e1n.<\/p>\n<p>\u00a1\u00a1 Estamos seguros que lo disfrutar\u00e9is \u00a1\u00a1<\/p>\n","protected":false},"excerpt":{"rendered":"<p>Como sab\u00e9is la Fundaci\u00f3n quiere ser tambi\u00e9n un lugar de encuentro para las personas e instituciones que rescatan y se preocupan por nuestro patrimonio arquitect\u00f3nico.\u00a0Hemos recibido la invitaci\u00f3n para la presentaci\u00f3n del libro &#8220;Cesar Cort y la Cultura Urban\u00edstica de su tiempo&#8221; que queremos trasladar a todos nuestros amigos y colaboradores. La presentaci\u00f3n se celebrar\u00e1 [&hellip;]<\/p>\n","protected":false},"author":1,"featured_media":2941,"comment_status":"open","ping_status":"open","sticky":false,"template":"","format":"standard","meta":[],"categories":[7],"tags":[],"_links":{"self":[{"href":"https:\/\/alejandrodelasota.org\/en\/wp-json\/wp\/v2\/posts\/2940"}],"collection":[{"href":"https:\/\/alejandrodelasota.org\/en\/wp-json\/wp\/v2\/posts"}],"about":[{"href":"https:\/\/alejandrodelasota.org\/en\/wp-json\/wp\/v2\/types\/post"}],"author":[{"embeddable":true,"href":"https:\/\/alejandrodelasota.org\/en\/wp-json\/wp\/v2\/users\/1"}],"replies":[{"embeddable":true,"href":"https:\/\/alejandrodelasota.org\/en\/wp-json\/wp\/v2\/comments?post=2940"}],"version-history":[{"count":1,"href":"https:\/\/alejandrodelasota.org\/en\/wp-json\/wp\/v2\/posts\/2940\/revisions"}],"predecessor-version":[{"id":2942,"href":"https:\/\/alejandrodelasota.org\/en\/wp-json\/wp\/v2\/posts\/2940\/revisions\/2942"}],"wp:featuredmedia":[{"embeddable":true,"href":"https:\/\/alejandrodelasota.org\/en\/wp-json\/wp\/v2\/media\/2941"}],"wp:attachment":[{"href":"https:\/\/alejandrodelasota.org\/en\/wp-json\/wp\/v2\/media?parent=2940"}],"wp:term":[{"taxonomy":"category","embeddable":true,"href":"https:\/\/alejandrodelasota.org\/en\/wp-json\/wp\/v2\/categories?post=2940"},{"taxonomy":"post_tag","embeddable":true,"href":"https:\/\/alejandrodelasota.org\/en\/wp-json\/wp\/v2\/tags?post=2940"}],"curies":[{"name":"wp","href":"https:\/\/api.w.org\/{rel}","templated":true}]}}