{"id":2926,"date":"2018-09-20T14:49:14","date_gmt":"2018-09-20T12:49:14","guid":{"rendered":"https:\/\/www.alejandrodelasota.org\/?p=2926"},"modified":"2018-09-20T14:50:05","modified_gmt":"2018-09-20T12:50:05","slug":"que-es-la-arquitectura-para-alejandro-de-la-sota","status":"publish","type":"post","link":"https:\/\/alejandrodelasota.org\/en\/que-es-la-arquitectura-para-alejandro-de-la-sota\/","title":{"rendered":"QU\u00c9 ES LA ARQUITECTURA PARA ALEJANDRO DE LA SOTA"},"content":{"rendered":"<p>Con motivo de los homenajes que desde Galicia se est\u00e1n realizando a Alejandro de la Sota en este a\u00f1o 2018 , la Fundaci\u00f3n ha tenido la oportunidad de revisar los v\u00eddeos grabados de algunas de las conferencias que imparti\u00f3 el arquitecto  y realizar con el patrocinio del COAG este breve v\u00eddeo resumen . Queremos agradecer primero al COAG esta oportunidad de compartir estos interesant\u00edsimos registros,agradecer tambi\u00e9n a la Academia de las Artes Galegas su apoyo  y por dedicar de este a\u00f1o de las Artes a Alejandro de la Sota.  <\/p>\n<p>Alejandro de la Sota fue un conferenciante muy activo, en sus charlas se condensa su pensamiento arquitect\u00f3nico y, entre su fino humor, las im\u00e1genes de sus obras y las amenas explicaciones al proceso de su realizaci\u00f3n, se muestra su serio compromiso con la profesi\u00f3n.<\/p>\n<p>\u201cNo hay arquitecturas, hay problemas y al resolver un problema seg\u00fan los condiciones y los datos que tenemos sale una arquitectura. Entonces seremos libres como los pajaritos\u201d As\u00ed arranca  este documental.  <\/p>\n<p>Se han organizado las grabaciones por los grandes temas que le definieron como arquitecto a lo largo de su vida. Aunque la calidad de las grabaciones no es \u00f3ptima estamos seguros que para muchos ser\u00e1 una oportunidad excepcional para conocer de cerca la persona del arquitecto. <\/p>\n<p><iframe loading=\"lazy\" width=\"560\" height=\"315\" src=\"https:\/\/www.youtube.com\/embed\/MSySvm0CYJk\" frameborder=\"0\" allow=\"autoplay; encrypted-media\" allowfullscreen style=\"width:100%\"><\/iframe><\/p>\n","protected":false},"excerpt":{"rendered":"<p>Con motivo de los homenajes que desde Galicia se est\u00e1n realizando a Alejandro de la Sota en este a\u00f1o 2018 , la Fundaci\u00f3n ha tenido la oportunidad de revisar los v\u00eddeos grabados de algunas de las conferencias que imparti\u00f3 el arquitecto y realizar con el patrocinio del COAG este breve v\u00eddeo resumen . Queremos agradecer [&hellip;]<\/p>\n","protected":false},"author":1,"featured_media":2927,"comment_status":"open","ping_status":"open","sticky":false,"template":"","format":"standard","meta":[],"categories":[7],"tags":[],"_links":{"self":[{"href":"https:\/\/alejandrodelasota.org\/en\/wp-json\/wp\/v2\/posts\/2926"}],"collection":[{"href":"https:\/\/alejandrodelasota.org\/en\/wp-json\/wp\/v2\/posts"}],"about":[{"href":"https:\/\/alejandrodelasota.org\/en\/wp-json\/wp\/v2\/types\/post"}],"author":[{"embeddable":true,"href":"https:\/\/alejandrodelasota.org\/en\/wp-json\/wp\/v2\/users\/1"}],"replies":[{"embeddable":true,"href":"https:\/\/alejandrodelasota.org\/en\/wp-json\/wp\/v2\/comments?post=2926"}],"version-history":[{"count":2,"href":"https:\/\/alejandrodelasota.org\/en\/wp-json\/wp\/v2\/posts\/2926\/revisions"}],"predecessor-version":[{"id":2929,"href":"https:\/\/alejandrodelasota.org\/en\/wp-json\/wp\/v2\/posts\/2926\/revisions\/2929"}],"wp:featuredmedia":[{"embeddable":true,"href":"https:\/\/alejandrodelasota.org\/en\/wp-json\/wp\/v2\/media\/2927"}],"wp:attachment":[{"href":"https:\/\/alejandrodelasota.org\/en\/wp-json\/wp\/v2\/media?parent=2926"}],"wp:term":[{"taxonomy":"category","embeddable":true,"href":"https:\/\/alejandrodelasota.org\/en\/wp-json\/wp\/v2\/categories?post=2926"},{"taxonomy":"post_tag","embeddable":true,"href":"https:\/\/alejandrodelasota.org\/en\/wp-json\/wp\/v2\/tags?post=2926"}],"curies":[{"name":"wp","href":"https:\/\/api.w.org\/{rel}","templated":true}]}}