{"id":2858,"date":"2018-05-16T10:02:03","date_gmt":"2018-05-16T08:02:03","guid":{"rendered":"https:\/\/www.alejandrodelasota.org\/?p=2858"},"modified":"2018-05-15T17:55:44","modified_gmt":"2018-05-15T15:55:44","slug":"archivos-de-arquitectos-de-la-arquitectura-moderna-espanola-en-red","status":"publish","type":"post","link":"https:\/\/alejandrodelasota.org\/en\/archivos-de-arquitectos-de-la-arquitectura-moderna-espanola-en-red\/","title":{"rendered":"ARCHIVOS DE ARQUITECTOS DE LA ARQUITECTURA MODERNA ESPA\u00d1OLA EN RED"},"content":{"rendered":"<p>La <strong>Fundaci\u00f3n Alejandro de la Sota<\/strong>, con la ayuda del <strong>Ministerio de Fomento<\/strong>, en los \u00faltimos tres a\u00f1os ha estado asesorando a <strong>nueve archivos de arquitectos<\/strong> en la selecci\u00f3n, digitalizaci\u00f3n e incorporaci\u00f3n del material de sus archivos en bases de datos similares a la del archivo de Alejandro de la Sota con el objetivo de difundir sus obras. <\/p>\n<p>A trav\u00e9s de la plataforma <a href=\"http:\/\/www.archivosarquitectos.com\">www.archivosarquitectos.com<\/a> ya es posible visualizar en abierto el material de los proyectos seleccionados, que los depositarios de los archivos pueden continuar incorporando a lo largo de los a\u00f1os. Se trata de los archivos de los arquitectos:<\/p>\n<p><a href=\"http:\/\/archivosarquitectos.com\/arquitectos\/cano-lasso-julio\/\">Julio Cano-Lasso<\/a><br \/>\n<a href=\"http:\/\/archivosarquitectos.com\/arquitectos\/hoz-arderius-rafael-de-la\/\">Rafael de la Hoz Arderius<\/a><br \/>\n<a href=\"http:\/\/archivosarquitectos.com\/arquitectos\/jose-de-yarza-garcia\/\">Jos\u00e9 de Yarza<\/a><br \/>\n<a href=\"http:\/\/archivosarquitectos.com\/arquitectos\/vazquez-molezun-ramon\/\">Ram\u00f3n V\u00e1zquez Molez\u00fan<\/a><br \/>\n<a href=\"http:\/\/archivosarquitectos.com\/arquitectos\/fernandez-albalat-lois-andres\/\">Andr\u00e9s Fern\u00e1ndez-Albalat Lois <\/a><br \/>\n<a href=\"http:\/\/archivosarquitectos.com\/arquitectos\/juan-pedro-capote\/\">Juan Pedro Capote<\/a><br \/>\n<a href=\"http:\/\/archivosarquitectos.com\/arquitectos\/luis-cabrera\/\">Luis Cabrera<\/a><br \/>\n<a href=\"http:\/\/archivosarquitectos.com\/arquitectos\/portugal-fray-coello\/\">Fray Coello de Portugal<\/a><br \/>\n<a href=\"http:\/\/archivosarquitectos.com\/arquitectos\/antonio-tenreiro\/\">Antonio Tenreiro Broch\u00f3n<\/a><\/p>\n<p>Tenemos que <strong>agradecer<\/strong> por su ayuda en la selecci\u00f3n del material y en la incorporaci\u00f3n de toda la documentaci\u00f3n en la base de datos del archivo digital a los <strong>arquitectos familiares<\/strong>: Diego Cano Pintos, Estudio Rafael de la Hoz, Mar\u00eda V\u00e1zquez-Molez\u00fan, Guzm\u00e1n de Yarza, Andr\u00e9s Fern\u00e1ndez-Albalat, Ana Capote y a los investigadores: Miriam Ruiz I\u00f1igo (U. Valladolid), Antonio S. R\u00edo V\u00e1zquez, (U. A Coru\u00f1a) y Jos\u00e9 Manuel Rodr\u00edguez Pe\u00f1a (COA Tenerife).<\/p>\n<p>Desde la Fundaci\u00f3n Alejandro de la Sota tambi\u00e9n queremos agradecer por su apoyo a quienes han hecho posible que hoy podamos disfrutar de estos archivos: al <strong>Ministerio de Fomento<\/strong>, con quien la Fundaci\u00f3n firm\u00f3 en 2013 un Convenio Marco que dio origen a este proyecto, a los <strong>Patrocinadores<\/strong>(<a href=\"https:\/\/www.placo.es\/\">Placo-Saint Gobain<\/a> y <a href=\"http:\/\/www.valenor.com\/\">Valenor<\/a>), y a los <strong>Socios y Amigos<\/strong> de la Fundaci\u00f3n por su ayuda inestimable.<\/p>\n<p>Tambi\u00e9n hemos incorporado a la plataforma los enlaces a los archivos de arquitectos familiares (<a href=\"http:\/\/joseantoniocoderch.org\/\">Archivo Coderch<\/a>, <a href=\"http:\/\/fernandohigueras.org\/\">Fundaci\u00f3n Fernando Higueras<\/a>, <a href=\"http:\/\/www.perezpinero.org\/\">Fundaci\u00f3n Emilio P\u00e9rez Pi\u00f1ero<\/a> o <a href=\"http:\/\/www.ganchegui.com\/munibe\/obras\/indice.htm\">Archivo Pe\u00f1a Ganchegui<\/a>) y de entidades como la <a href=\"http:\/\/www.unav.edu\/web\/archivo-general\/fondos-personales\">Universidad de Navarra<\/a>, el <a href=\"http:\/\/Arxiu Hist\u00f3ric del COAC\">Arxiu Hist\u00f3ric del COAC<\/a> o el <a href=\"http:\/\/www.coam.org\/es\/fundacion\/servicio-historico\/fondos-y-legados\">Servicio Hist\u00f3rico de la Fundaci\u00f3n COAM<\/a> que comienza a poner en abierto las im\u00e1genes de los proyectos, despu\u00e9s de muchos a\u00f1os de trabajo y de empe\u00f1o de su responsable Alberto Sanz. <\/p>\n<p>En el <strong>V Congreso Internacional Pioneros<\/strong> realizaremos la presentaci\u00f3n de la actualizaci\u00f3n de la plataforma con el fin de dar a conocer a los investigadores y profesores el material in\u00e9dito de la obra de estos arquitectos para lograr su mayor difusi\u00f3n en las escuelas de arquitectura y a la sociedad en general no solo en Espa\u00f1a sino tambi\u00e9n a nivel internacional.<\/p>\n<p><img loading=\"lazy\" src=\"https:\/\/www.alejandrodelasota.org\/wp-content\/uploads\/2018\/05\/Archivos-arquitectos.jpg\" alt=\"\" width=\"631\" height=\"618\" class=\"aligncenter size-full wp-image-2866\" srcset=\"https:\/\/alejandrodelasota.org\/wp-content\/uploads\/2018\/05\/Archivos-arquitectos.jpg 631w, https:\/\/alejandrodelasota.org\/wp-content\/uploads\/2018\/05\/Archivos-arquitectos-300x294.jpg 300w\" sizes=\"(max-width: 631px) 100vw, 631px\" \/><\/p>\n","protected":false},"excerpt":{"rendered":"<p>La Fundaci\u00f3n Alejandro de la Sota, con la ayuda del Ministerio de Fomento, en los \u00faltimos tres a\u00f1os ha estado asesorando a nueve archivos de arquitectos en la selecci\u00f3n, digitalizaci\u00f3n e incorporaci\u00f3n del material de sus archivos en bases de datos similares a la del archivo de Alejandro de la Sota con el objetivo de [&hellip;]<\/p>\n","protected":false},"author":1,"featured_media":2866,"comment_status":"open","ping_status":"open","sticky":false,"template":"","format":"standard","meta":[],"categories":[1],"tags":[],"_links":{"self":[{"href":"https:\/\/alejandrodelasota.org\/en\/wp-json\/wp\/v2\/posts\/2858"}],"collection":[{"href":"https:\/\/alejandrodelasota.org\/en\/wp-json\/wp\/v2\/posts"}],"about":[{"href":"https:\/\/alejandrodelasota.org\/en\/wp-json\/wp\/v2\/types\/post"}],"author":[{"embeddable":true,"href":"https:\/\/alejandrodelasota.org\/en\/wp-json\/wp\/v2\/users\/1"}],"replies":[{"embeddable":true,"href":"https:\/\/alejandrodelasota.org\/en\/wp-json\/wp\/v2\/comments?post=2858"}],"version-history":[{"count":12,"href":"https:\/\/alejandrodelasota.org\/en\/wp-json\/wp\/v2\/posts\/2858\/revisions"}],"predecessor-version":[{"id":2871,"href":"https:\/\/alejandrodelasota.org\/en\/wp-json\/wp\/v2\/posts\/2858\/revisions\/2871"}],"wp:featuredmedia":[{"embeddable":true,"href":"https:\/\/alejandrodelasota.org\/en\/wp-json\/wp\/v2\/media\/2866"}],"wp:attachment":[{"href":"https:\/\/alejandrodelasota.org\/en\/wp-json\/wp\/v2\/media?parent=2858"}],"wp:term":[{"taxonomy":"category","embeddable":true,"href":"https:\/\/alejandrodelasota.org\/en\/wp-json\/wp\/v2\/categories?post=2858"},{"taxonomy":"post_tag","embeddable":true,"href":"https:\/\/alejandrodelasota.org\/en\/wp-json\/wp\/v2\/tags?post=2858"}],"curies":[{"name":"wp","href":"https:\/\/api.w.org\/{rel}","templated":true}]}}