{"id":2776,"date":"2018-01-31T02:03:52","date_gmt":"2018-01-31T02:03:52","guid":{"rendered":"https:\/\/www.alejandrodelasota.org\/?p=2776"},"modified":"2018-01-31T02:03:52","modified_gmt":"2018-01-31T02:03:52","slug":"publicacion-iv-congreso-nacional-pioneros-de-la-arquitectura-moderna-espanola-la-arquitectura-como-obra-integral","status":"publish","type":"post","link":"https:\/\/alejandrodelasota.org\/en\/publicacion-iv-congreso-nacional-pioneros-de-la-arquitectura-moderna-espanola-la-arquitectura-como-obra-integral\/","title":{"rendered":"PUBLICACI\u00d3N &#8220;IV CONGRESO NACIONAL PIONEROS DE LA ARQUITECTURA MODERNA ESPA\u00d1OLA: LA ARQUITECTURA COMO OBRA INTEGRAL&#8221;"},"content":{"rendered":"<p>Ya est\u00e1 a la venta la publicaci\u00f3n <strong>\u201cIV Congreso Nacional Pioneros de la Arquitectura Moderna Espa\u00f1ola: La arquitectura como obra integral\u201d<\/strong>, editada por TC cuadernos y por la Fundaci\u00f3n Alejandro de la Sota. Se trata de la cuarta entrega de la colecci\u00f3n dedicada a este Congreso anual, organizado por la <strong>Fundaci\u00f3n Alejandro de la Sota<\/strong> en colaboraci\u00f3n con el <strong>Ministerio de Fomento<\/strong>. <\/p>\n<p>En esta edici\u00f3n, celebrada en mayo de 2017, el Congreso promov\u00eda impulsar el an\u00e1lisis de obras en las que el arquitecto haya conseguido pensar, proyectar e incorporar tanto elementos propiamente arquitect\u00f3nicos como aquellos pertenecientes a otras disciplinas, siempre con la intenci\u00f3n de construir una arquitectura entendida como una obra integral.<\/p>\n<p>La publicaci\u00f3n recopila todas las <strong>comunicaciones seleccionadas<\/strong> para el congreso, los <strong>art\u00edculos<\/strong> escritos por los moderadores de cada mesa &#8211;<strong>Carmen D\u00edez Medina, Carlos Quint\u00e1ns, Juan Navarro Baldeweg y Enrique Granell<\/strong>&#8211; sobre los debates que generaron y un <strong>listado final<\/strong> de las comunicaciones aceptadas, que han sido publicadas en las actas digitales del IV Congreso Pioneros de la Arquitectura Moderna Espa\u00f1ola.<\/p>\n<p>Esta edici\u00f3n puede adquirirse a trav\u00e9s de la <a href=\"http:\/\/www.alejandrodelasota.org\/tienda-de-publicaciones\/10-iv-congreso-nacional-pioneros-de-la-arquitectura-moderna-espa%C3%B1ola-la-arquitectura-como-obra-integral.html\" rel=\"noopener\" target=\"_blank\">Tienda on-line de la Fundaci\u00f3n Alejandro de la Sota<\/a> y estar\u00e1 disponible en todas las librer\u00edas especializadas en arquitectura.<\/p>\n<p><img loading=\"lazy\" src=\"https:\/\/www.alejandrodelasota.org\/wp-content\/uploads\/2018\/01\/2-Portada-Tienda-Pioneros-IV-222x300.jpg\" alt=\"\" width=\"222\" height=\"300\" class=\"alignleft size-medium wp-image-2777\" srcset=\"https:\/\/alejandrodelasota.org\/wp-content\/uploads\/2018\/01\/2-Portada-Tienda-Pioneros-IV-222x300.jpg 222w, https:\/\/alejandrodelasota.org\/wp-content\/uploads\/2018\/01\/2-Portada-Tienda-Pioneros-IV-768x1038.jpg 768w, https:\/\/alejandrodelasota.org\/wp-content\/uploads\/2018\/01\/2-Portada-Tienda-Pioneros-IV-758x1024.jpg 758w, https:\/\/alejandrodelasota.org\/wp-content\/uploads\/2018\/01\/2-Portada-Tienda-Pioneros-IV.jpg 1525w\" sizes=\"(max-width: 222px) 100vw, 222px\" \/><br \/>\n\u201cIV Congreso Nacional Pioneros de la Arquitectura Moderna Espa\u00f1ola: La arquitectura como obra integral\u201d<br \/>\nISBN: 978-84-947421-5-6<br \/>\nP\u00e1ginas: 272<br \/>\nFormato: 17 x 24 cm, r\u00fastica<br \/>\nIdioma: Espa\u00f1ol e Ingl\u00e9s<br \/>\nA\u00f1o Edici\u00f3n: 2017<br \/>\n16,00 \u20ac<\/p>\n","protected":false},"excerpt":{"rendered":"<p>Ya est\u00e1 a la venta la publicaci\u00f3n \u201cIV Congreso Nacional Pioneros de la Arquitectura Moderna Espa\u00f1ola: La arquitectura como obra integral\u201d, editada por TC cuadernos y por la Fundaci\u00f3n Alejandro de la Sota. Se trata de la cuarta entrega de la colecci\u00f3n dedicada a este Congreso anual, organizado por la Fundaci\u00f3n Alejandro de la Sota [&hellip;]<\/p>\n","protected":false},"author":1,"featured_media":2777,"comment_status":"open","ping_status":"open","sticky":false,"template":"","format":"standard","meta":[],"categories":[1],"tags":[],"_links":{"self":[{"href":"https:\/\/alejandrodelasota.org\/en\/wp-json\/wp\/v2\/posts\/2776"}],"collection":[{"href":"https:\/\/alejandrodelasota.org\/en\/wp-json\/wp\/v2\/posts"}],"about":[{"href":"https:\/\/alejandrodelasota.org\/en\/wp-json\/wp\/v2\/types\/post"}],"author":[{"embeddable":true,"href":"https:\/\/alejandrodelasota.org\/en\/wp-json\/wp\/v2\/users\/1"}],"replies":[{"embeddable":true,"href":"https:\/\/alejandrodelasota.org\/en\/wp-json\/wp\/v2\/comments?post=2776"}],"version-history":[{"count":20,"href":"https:\/\/alejandrodelasota.org\/en\/wp-json\/wp\/v2\/posts\/2776\/revisions"}],"predecessor-version":[{"id":2797,"href":"https:\/\/alejandrodelasota.org\/en\/wp-json\/wp\/v2\/posts\/2776\/revisions\/2797"}],"wp:featuredmedia":[{"embeddable":true,"href":"https:\/\/alejandrodelasota.org\/en\/wp-json\/wp\/v2\/media\/2777"}],"wp:attachment":[{"href":"https:\/\/alejandrodelasota.org\/en\/wp-json\/wp\/v2\/media?parent=2776"}],"wp:term":[{"taxonomy":"category","embeddable":true,"href":"https:\/\/alejandrodelasota.org\/en\/wp-json\/wp\/v2\/categories?post=2776"},{"taxonomy":"post_tag","embeddable":true,"href":"https:\/\/alejandrodelasota.org\/en\/wp-json\/wp\/v2\/tags?post=2776"}],"curies":[{"name":"wp","href":"https:\/\/api.w.org\/{rel}","templated":true}]}}