{"id":2694,"date":"2017-07-03T19:00:43","date_gmt":"2017-07-03T19:00:43","guid":{"rendered":"http:\/\/www.alejandrodelasota.org\/?p=2694"},"modified":"2017-07-04T05:57:22","modified_gmt":"2017-07-04T05:57:22","slug":"iv-congreso-pioneros-de-la-arquitectura-moderna-espanola-la-arquitectura-como-obra-integral-video-resumen","status":"publish","type":"post","link":"https:\/\/alejandrodelasota.org\/en\/iv-congreso-pioneros-de-la-arquitectura-moderna-espanola-la-arquitectura-como-obra-integral-video-resumen\/","title":{"rendered":"(Espa\u00f1ol) IV CONGRESO PIONEROS DE LA ARQUITECTURA MODERNA ESPA\u00d1OLA: LA ARQUITECTURA COMO OBRA INTEGRAL. V\u00cdDEO RESUMEN"},"content":{"rendered":"<p>IV CONGRESO PIONEROS DE LA ARQUITECTURA MODERNA ESPA\u00d1OLA: LA ARQUITECTURA COMO OBRA INTEGRAL. INTERVENCIONES<br \/>\nEl viernes 19 y el s\u00e1bado 20 de mayo se celebr\u00f3 en las Arquer\u00edas de Nuevos Ministerios de Madrid el IV Congreso Pioneros de la arquitectura moderna espa\u00f1ola: la arquitectura como obra integral, organizado por la Fundaci\u00f3n Alejandro de la Sota en colaboraci\u00f3n con el Ministerio de Fomento.<br \/>\nEste v\u00eddeo muestra el ambiente del Congreso y recoge algunas de las reflexiones y testimonios de los participantes en torno al tema propuesto: la arquitectura como obra integral.<br \/>\nAgradecemos sinceramente la participaci\u00f3n de todos los asistentes al congreso: ponentes, moderadores, p\u00fablico, colaboradores y patrocinadores con quienes celebramos que el Congreso Pioneros haya servido, una vez m\u00e1s, como foro de debate alrededor de las obras, del pensamiento y de los valores de la arquitectura moderna espa\u00f1ola.<br \/>\n<iframe loading=\"lazy\" width=\"500\" height=\"281\" src=\"https:\/\/www.youtube.com\/embed\/4mBmcl3ZWag?feature=oembed\" frameborder=\"0\" allowfullscreen><\/iframe><br \/>\n(Autor del v\u00eddeo: Carlos Cifuentes)<br \/>\n<\/p>","protected":false},"excerpt":{"rendered":"<p>IV CONGRESO PIONEROS DE LA ARQUITECTURA MODERNA ESPA\u00d1OLA: LA ARQUITECTURA COMO OBRA INTEGRAL. INTERVENCIONES El viernes 19 y el s\u00e1bado 20 de mayo se celebr\u00f3 en las Arquer\u00edas de Nuevos Ministerios de Madrid el IV Congreso Pioneros de la arquitectura moderna espa\u00f1ola: la arquitectura como obra integral, organizado por la Fundaci\u00f3n Alejandro de la Sota [&hellip;]<\/p>\n","protected":false},"author":1,"featured_media":2695,"comment_status":"open","ping_status":"open","sticky":false,"template":"","format":"standard","meta":[],"categories":[1],"tags":[],"_links":{"self":[{"href":"https:\/\/alejandrodelasota.org\/en\/wp-json\/wp\/v2\/posts\/2694"}],"collection":[{"href":"https:\/\/alejandrodelasota.org\/en\/wp-json\/wp\/v2\/posts"}],"about":[{"href":"https:\/\/alejandrodelasota.org\/en\/wp-json\/wp\/v2\/types\/post"}],"author":[{"embeddable":true,"href":"https:\/\/alejandrodelasota.org\/en\/wp-json\/wp\/v2\/users\/1"}],"replies":[{"embeddable":true,"href":"https:\/\/alejandrodelasota.org\/en\/wp-json\/wp\/v2\/comments?post=2694"}],"version-history":[{"count":6,"href":"https:\/\/alejandrodelasota.org\/en\/wp-json\/wp\/v2\/posts\/2694\/revisions"}],"predecessor-version":[{"id":2700,"href":"https:\/\/alejandrodelasota.org\/en\/wp-json\/wp\/v2\/posts\/2694\/revisions\/2700"}],"wp:featuredmedia":[{"embeddable":true,"href":"https:\/\/alejandrodelasota.org\/en\/wp-json\/wp\/v2\/media\/2695"}],"wp:attachment":[{"href":"https:\/\/alejandrodelasota.org\/en\/wp-json\/wp\/v2\/media?parent=2694"}],"wp:term":[{"taxonomy":"category","embeddable":true,"href":"https:\/\/alejandrodelasota.org\/en\/wp-json\/wp\/v2\/categories?post=2694"},{"taxonomy":"post_tag","embeddable":true,"href":"https:\/\/alejandrodelasota.org\/en\/wp-json\/wp\/v2\/tags?post=2694"}],"curies":[{"name":"wp","href":"https:\/\/api.w.org\/{rel}","templated":true}]}}