{"id":2635,"date":"2017-01-11T13:06:42","date_gmt":"2017-01-11T13:06:42","guid":{"rendered":"http:\/\/www.alejandrodelasota.org\/?p=2635"},"modified":"2017-01-11T13:06:42","modified_gmt":"2017-01-11T13:06:42","slug":"la-casa-guzman-ha-sido-demolida","status":"publish","type":"post","link":"https:\/\/alejandrodelasota.org\/en\/la-casa-guzman-ha-sido-demolida\/","title":{"rendered":"LA CASA GUZM\u00c1N HA SIDO DEMOLIDA"},"content":{"rendered":"<p><div id=\"attachment_2636\" style=\"width: 1360px\" class=\"wp-caption aligncenter\"><img aria-describedby=\"caption-attachment-2636\" loading=\"lazy\" src=\"http:\/\/www.alejandrodelasota.org\/wp-content\/uploads\/2017\/01\/72_C_FO_D_1_lg.jpg\" alt=\"Archivo Fundaci\u00f3n Alejandro de la Sota\" width=\"1350\" height=\"1350\" class=\"size-full wp-image-2636\" srcset=\"https:\/\/alejandrodelasota.org\/wp-content\/uploads\/2017\/01\/72_C_FO_D_1_lg.jpg 1350w, https:\/\/alejandrodelasota.org\/wp-content\/uploads\/2017\/01\/72_C_FO_D_1_lg-150x150.jpg 150w, https:\/\/alejandrodelasota.org\/wp-content\/uploads\/2017\/01\/72_C_FO_D_1_lg-300x300.jpg 300w, https:\/\/alejandrodelasota.org\/wp-content\/uploads\/2017\/01\/72_C_FO_D_1_lg-1024x1024.jpg 1024w\" sizes=\"(max-width: 1350px) 100vw, 1350px\" \/><p id=\"caption-attachment-2636\" class=\"wp-caption-text\">Casa Guzm\u00e1n (1972). Archivo Fundaci\u00f3n Alejandro de la Sota<\/p><\/div><\/p>\n<p>Sentimos empezar el a\u00f1o 2017 dando la mal\u00edsima noticia de que la Casa Guzm\u00e1n de Alejandro de la Sota ha sido demolida para ser sustituida por una nueva vivienda. Nuevamente, la arquitectura contempor\u00e1nea sufre de la falta de cultura, de la falta de sensibilidad, la falta de protecci\u00f3n y el fallo en cadena de la profesi\u00f3n, fruto de la desidia que se ampara en lo que es legal. La Casa Guzm\u00e1n ha sido hasta hoy una obra de referencia de la arquitectura contempor\u00e1nea espa\u00f1ola desde que Alejandro de la Sota la construy\u00f3 en la d\u00e9cada de los setenta del pasado siglo para Enrique Guzm\u00e1n en la urbanizaci\u00f3n Santo Domingo. Sin embargo, nada ni nadie ha impedido que su descendiente haya podido tomar la decisi\u00f3n de sustituirla por otra cosa. Es el concepto de lo m\u00edo es m\u00edo y hago con ello lo que quiero. En Arquitectura, a diferencia de otras Artes esto es lo normal. Nadie se imagina que un heredero pueda destruir un cuadro o una escultura, quemar el manuscrito de un escritor. Nadie lo puede imaginar y tendr\u00eda enfrente, adem\u00e1s del peso de la ley, el esc\u00e1ndalo de la sociedad. En la Arquitectura, sin embargo, es posible y ocurre en demasiadas ocasiones. Tiempo tendremos para entre todos tomar consciencia del valor de este proyecto en la historia reciente de la arquitectura espa\u00f1ola pero, desde su construcci\u00f3n, ha sido una referencia visitada, estudiada, publicada, disfrutada por generaciones de arquitectos de todo el mundo. Disfrutada, tambi\u00e9n y el primero, por Enrique Guzm\u00e1n, su propietario y el que realiz\u00f3 el encargo a Alejandro de la Sota, un propietario orgulloso de recibir durante estos cuarenta a\u00f1os a cientos de estudiantes que se acercaban a contemplar su vivienda. En m\u00e1s de una ocasi\u00f3n nos contaba\u00a0an\u00e9cdotas de estas visitas, como la de un arquitecto suizo que le reconvino por hacer una reforma en las habitaciones interiores:\u00a0\u201cse conoc\u00eda mejor el proyecto original que yo mismo\u201d nos dec\u00eda.<\/p>\n<p>Una cadena de desinter\u00e9s, de inconsciencia, de desidia tambi\u00e9n, ha dejado la suerte de esta obra\u00a0de arquitectura en manos de los que no aman la arquitectura, sin que nadie ni nada la defendiese, que pelease por su conservaci\u00f3n. Ha habido un arquitecto que no ha tenido empacho en participar en su destrucci\u00f3n para construir su propio proyecto en ese \u201cnuevo solar\u201d, cuya calidad no juzgamos porque las fotos lo hacen por s\u00ed mismas. Y ha habido un propietario \u2013el heredero- que cuando esta Fundaci\u00f3n se ofreci\u00f3 a la muerte de su padre, a ayudarle a encontrar un propietario para esa casa que pusiera en valor y se sintiese privilegiado por poseer esa obra, que la restaurase y la conservarse, ha preferido demolerla para hacerse su propia tonter\u00eda.<\/p>\n<p>Es esta la realidad en la que el arte y especialmente la arquitectura se mueve en Espa\u00f1a.\u00a0Sin\u00a0duda, por supuesto, hay muchos arquitectos que aman la arquitectura, que se reconocen en sus maestros, que se saben part\u00edcipes del mismo compromiso que ellos. Pero quiz\u00e1s como colectivo no se hace el esfuerzo suficiente para proteger lo que tiene valor, en un ejercicio consciente de la desidia bajo el amparo de las pol\u00e9micas est\u00e9riles y esteticistas, bajo el imperio de la moda o lo que se lleva, bajo el falso compromiso con la nada para que nada cambie.\u00a0El patrimonio com\u00fan de la buena arquitectura espa\u00f1ola construida en el siglo XX -a diferencia de otros pa\u00edses- no goza de ninguna protecci\u00f3n y ser\u00e1 lentamente destruido porque entre otras cosas, hay muchos arquitectos que no creen en la necesidad de su protecci\u00f3n y no se reflejan en esa tradici\u00f3n como parte de lo mejor que pueden aportar a la sociedad. Las obras de arte son un bien escaso, un bien escaso e imprescindible para la sociedad y, precisamente por eso, son un bien com\u00fan que implica un compromiso com\u00fan para protegerlas y disfrutarlas y transmitir sus valores a las generaciones futuras a las que ense\u00f1an una forma de actuar, una forma de ser que busca y ense\u00f1a que hay opciones m\u00e1s all\u00e1 del ruido y el negocio.<\/p>\n<p>La desaparici\u00f3n f\u00edsica de la Casa Guzm\u00e1n es un asunto muy serio para la arquitectura espa\u00f1ola que debe hacer reflexionar y actuar a todos los implicados, las distintas administraciones p\u00fablicas, los colegios profesionales, los arquitectos que toman decisiones. .Y esperar que esto no vuelva a ocurrir. Falta cultura, falta criterio, falta compromiso, falta valent\u00eda y, consecuentemente, nos falta hoy, una vez m\u00e1s, otra obra ejemplar de la arquitectura espa\u00f1ola.\u00a0<\/p>\n<p>Link al archivo digital de Casa Guzm\u00e1n:<br \/>\n<a href=\"http:\/\/archivo.alejandrodelasota.org\/es\/original\/project\/141 \" target=\"_blank\">http:\/\/archivo.alejandrodelasota.org\/es\/original\/project\/141<\/a><\/p>\n<p>NOTA: La Fundaci\u00f3n quiere agradecer a los profesores Pablo Latorre y Gonzalo Garc\u00eda-Rosales\u00a0y a sus alumnos que, en el marco de un trabajo del \u00c1rea de Expresi\u00f3n Gr\u00e1fica Arquitect\u00f3nica de Departamento de Arquitectura de la Universidad de Alcal\u00e1, nos informaron de la destrucci\u00f3n de la Casa Guzm\u00e1n.\u00a0<\/p>\n<p><strong>CASA GUZM\u00c1N (1972)<\/strong><\/p>\n\n\t\t<style type=\"text\/css\">\n\t\t\t#gallery-1 {\n\t\t\t\tmargin: auto;\n\t\t\t}\n\t\t\t#gallery-1 .gallery-item {\n\t\t\t\tfloat: left;\n\t\t\t\tmargin-top: 10px;\n\t\t\t\ttext-align: center;\n\t\t\t\twidth: 50%;\n\t\t\t}\n\t\t\t#gallery-1 img {\n\t\t\t\tborder: 2px solid #cfcfcf;\n\t\t\t}\n\t\t\t#gallery-1 .gallery-caption {\n\t\t\t\tmargin-left: 0;\n\t\t\t}\n\t\t\t\/* see gallery_shortcode() in wp-includes\/media.php *\/\n\t\t<\/style>\n\t\t<div id='gallery-1' class='gallery galleryid-2635 gallery-columns-2 gallery-size-medium'><dl class='gallery-item'>\n\t\t\t<dt class='gallery-icon landscape'>\n\t\t\t\t<img width=\"300\" height=\"261\" src=\"https:\/\/alejandrodelasota.org\/wp-content\/uploads\/2017\/01\/72_C_FO_D_5_lg-300x261.jpg\" class=\"attachment-medium size-medium\" alt=\"\" loading=\"lazy\" aria-describedby=\"gallery-1-2640\" srcset=\"https:\/\/alejandrodelasota.org\/wp-content\/uploads\/2017\/01\/72_C_FO_D_5_lg-300x261.jpg 300w, https:\/\/alejandrodelasota.org\/wp-content\/uploads\/2017\/01\/72_C_FO_D_5_lg-1024x893.jpg 1024w, https:\/\/alejandrodelasota.org\/wp-content\/uploads\/2017\/01\/72_C_FO_D_5_lg.jpg 1350w\" sizes=\"(max-width: 300px) 100vw, 300px\" \/>\n\t\t\t<\/dt>\n\t\t\t\t<dd class='wp-caption-text gallery-caption' id='gallery-1-2640'>\n\t\t\t\tArchivo Fundaci\u00f3n Alejandro de la Sota\n\t\t\t\t<\/dd><\/dl><dl class='gallery-item'>\n\t\t\t<dt class='gallery-icon landscape'>\n\t\t\t\t<img width=\"300\" height=\"300\" src=\"https:\/\/alejandrodelasota.org\/wp-content\/uploads\/2017\/01\/72_C_FO_D_6_lg-300x300.jpg\" class=\"attachment-medium size-medium\" alt=\"\" loading=\"lazy\" aria-describedby=\"gallery-1-2641\" srcset=\"https:\/\/alejandrodelasota.org\/wp-content\/uploads\/2017\/01\/72_C_FO_D_6_lg-300x300.jpg 300w, https:\/\/alejandrodelasota.org\/wp-content\/uploads\/2017\/01\/72_C_FO_D_6_lg-150x150.jpg 150w, https:\/\/alejandrodelasota.org\/wp-content\/uploads\/2017\/01\/72_C_FO_D_6_lg-1024x1024.jpg 1024w, https:\/\/alejandrodelasota.org\/wp-content\/uploads\/2017\/01\/72_C_FO_D_6_lg.jpg 1350w\" sizes=\"(max-width: 300px) 100vw, 300px\" \/>\n\t\t\t<\/dt>\n\t\t\t\t<dd class='wp-caption-text gallery-caption' id='gallery-1-2641'>\n\t\t\t\tArchivo Fundaci\u00f3n Alejandro de la Sota\n\t\t\t\t<\/dd><\/dl><br style=\"clear: both\" \/><dl class='gallery-item'>\n\t\t\t<dt class='gallery-icon landscape'>\n\t\t\t\t<img width=\"300\" height=\"300\" src=\"https:\/\/alejandrodelasota.org\/wp-content\/uploads\/2017\/01\/72_C_FO_D_19_lg-300x300.jpg\" class=\"attachment-medium size-medium\" alt=\"\" loading=\"lazy\" aria-describedby=\"gallery-1-2642\" srcset=\"https:\/\/alejandrodelasota.org\/wp-content\/uploads\/2017\/01\/72_C_FO_D_19_lg-300x300.jpg 300w, https:\/\/alejandrodelasota.org\/wp-content\/uploads\/2017\/01\/72_C_FO_D_19_lg-150x150.jpg 150w, https:\/\/alejandrodelasota.org\/wp-content\/uploads\/2017\/01\/72_C_FO_D_19_lg-1024x1024.jpg 1024w, https:\/\/alejandrodelasota.org\/wp-content\/uploads\/2017\/01\/72_C_FO_D_19_lg.jpg 1350w\" sizes=\"(max-width: 300px) 100vw, 300px\" \/>\n\t\t\t<\/dt>\n\t\t\t\t<dd class='wp-caption-text gallery-caption' id='gallery-1-2642'>\n\t\t\t\tArchivo Fundaci\u00f3n Alejandro de la Sota\n\t\t\t\t<\/dd><\/dl><dl class='gallery-item'>\n\t\t\t<dt class='gallery-icon landscape'>\n\t\t\t\t<img width=\"300\" height=\"204\" src=\"https:\/\/alejandrodelasota.org\/wp-content\/uploads\/2017\/01\/72_C_FO_D_20_lg-300x204.jpg\" class=\"attachment-medium size-medium\" alt=\"\" loading=\"lazy\" aria-describedby=\"gallery-1-2643\" srcset=\"https:\/\/alejandrodelasota.org\/wp-content\/uploads\/2017\/01\/72_C_FO_D_20_lg-300x204.jpg 300w, https:\/\/alejandrodelasota.org\/wp-content\/uploads\/2017\/01\/72_C_FO_D_20_lg-1024x696.jpg 1024w, https:\/\/alejandrodelasota.org\/wp-content\/uploads\/2017\/01\/72_C_FO_D_20_lg.jpg 1350w\" sizes=\"(max-width: 300px) 100vw, 300px\" \/>\n\t\t\t<\/dt>\n\t\t\t\t<dd class='wp-caption-text gallery-caption' id='gallery-1-2643'>\n\t\t\t\tArchivo Fundaci\u00f3n Alejandro de la Sota\n\t\t\t\t<\/dd><\/dl><br style=\"clear: both\" \/><dl class='gallery-item'>\n\t\t\t<dt class='gallery-icon landscape'>\n\t\t\t\t<img width=\"300\" height=\"192\" src=\"https:\/\/alejandrodelasota.org\/wp-content\/uploads\/2017\/01\/72_C_FO_D_22_lg-300x192.jpg\" class=\"attachment-medium size-medium\" alt=\"\" loading=\"lazy\" aria-describedby=\"gallery-1-2644\" srcset=\"https:\/\/alejandrodelasota.org\/wp-content\/uploads\/2017\/01\/72_C_FO_D_22_lg-300x192.jpg 300w, https:\/\/alejandrodelasota.org\/wp-content\/uploads\/2017\/01\/72_C_FO_D_22_lg-1024x657.jpg 1024w, https:\/\/alejandrodelasota.org\/wp-content\/uploads\/2017\/01\/72_C_FO_D_22_lg.jpg 1350w\" sizes=\"(max-width: 300px) 100vw, 300px\" \/>\n\t\t\t<\/dt>\n\t\t\t\t<dd class='wp-caption-text gallery-caption' id='gallery-1-2644'>\n\t\t\t\tFotograf\u00eda: Pablo Tom\u00e9\n\t\t\t\t<\/dd><\/dl><dl class='gallery-item'>\n\t\t\t<dt class='gallery-icon landscape'>\n\t\t\t\t<img width=\"300\" height=\"214\" src=\"https:\/\/alejandrodelasota.org\/wp-content\/uploads\/2017\/01\/72_C_FO_FE_19_lg2-300x214.jpg\" class=\"attachment-medium size-medium\" alt=\"\" loading=\"lazy\" aria-describedby=\"gallery-1-2645\" srcset=\"https:\/\/alejandrodelasota.org\/wp-content\/uploads\/2017\/01\/72_C_FO_FE_19_lg2-300x214.jpg 300w, https:\/\/alejandrodelasota.org\/wp-content\/uploads\/2017\/01\/72_C_FO_FE_19_lg2-1024x733.jpg 1024w, https:\/\/alejandrodelasota.org\/wp-content\/uploads\/2017\/01\/72_C_FO_FE_19_lg2.jpg 1350w\" sizes=\"(max-width: 300px) 100vw, 300px\" \/>\n\t\t\t<\/dt>\n\t\t\t\t<dd class='wp-caption-text gallery-caption' id='gallery-1-2645'>\n\t\t\t\tArchivo Fundaci\u00f3n Alejandro de la Sota\n\t\t\t\t<\/dd><\/dl><br style=\"clear: both\" \/>\n\t\t<\/div>\n\n<p><strong>NUEVA CONSTRUCCI\u00d3N EN LA PARCELA<\/strong><\/p>\n<p><div id=\"attachment_2652\" style=\"width: 1290px\" class=\"wp-caption aligncenter\"><img aria-describedby=\"caption-attachment-2652\" loading=\"lazy\" src=\"http:\/\/www.alejandrodelasota.org\/wp-content\/uploads\/2017\/01\/nueva_casaguzman.jpg\" alt=\"Fotograf\u00eda: Laura Rivas Olmo, alumna de la Escuela de Arquitectura de la Universidad de Alcal\u00e1 de Henares\" width=\"1280\" height=\"720\" class=\"size-full wp-image-2652\" srcset=\"https:\/\/alejandrodelasota.org\/wp-content\/uploads\/2017\/01\/nueva_casaguzman.jpg 1280w, https:\/\/alejandrodelasota.org\/wp-content\/uploads\/2017\/01\/nueva_casaguzman-300x168.jpg 300w, https:\/\/alejandrodelasota.org\/wp-content\/uploads\/2017\/01\/nueva_casaguzman-1024x576.jpg 1024w\" sizes=\"(max-width: 1280px) 100vw, 1280px\" \/><p id=\"caption-attachment-2652\" class=\"wp-caption-text\">Fotograf\u00eda: Laura Rivas Olmo, alumna de la Escuela de Arquitectura de la Universidad de Alcal\u00e1 de Henares<\/p><\/div><\/p>","protected":false},"excerpt":{"rendered":"<p>Sentimos empezar el a\u00f1o 2017 dando la mal\u00edsima noticia de que la Casa Guzm\u00e1n de Alejandro de la Sota ha sido demolida para ser sustituida por una nueva vivienda. Nuevamente, la arquitectura contempor\u00e1nea sufre de la falta de cultura, de la falta de sensibilidad, la falta de protecci\u00f3n y el fallo en cadena de la [&hellip;]<\/p>\n","protected":false},"author":1,"featured_media":2636,"comment_status":"open","ping_status":"open","sticky":false,"template":"","format":"standard","meta":[],"categories":[1],"tags":[],"_links":{"self":[{"href":"https:\/\/alejandrodelasota.org\/en\/wp-json\/wp\/v2\/posts\/2635"}],"collection":[{"href":"https:\/\/alejandrodelasota.org\/en\/wp-json\/wp\/v2\/posts"}],"about":[{"href":"https:\/\/alejandrodelasota.org\/en\/wp-json\/wp\/v2\/types\/post"}],"author":[{"embeddable":true,"href":"https:\/\/alejandrodelasota.org\/en\/wp-json\/wp\/v2\/users\/1"}],"replies":[{"embeddable":true,"href":"https:\/\/alejandrodelasota.org\/en\/wp-json\/wp\/v2\/comments?post=2635"}],"version-history":[{"count":11,"href":"https:\/\/alejandrodelasota.org\/en\/wp-json\/wp\/v2\/posts\/2635\/revisions"}],"predecessor-version":[{"id":2654,"href":"https:\/\/alejandrodelasota.org\/en\/wp-json\/wp\/v2\/posts\/2635\/revisions\/2654"}],"wp:featuredmedia":[{"embeddable":true,"href":"https:\/\/alejandrodelasota.org\/en\/wp-json\/wp\/v2\/media\/2636"}],"wp:attachment":[{"href":"https:\/\/alejandrodelasota.org\/en\/wp-json\/wp\/v2\/media?parent=2635"}],"wp:term":[{"taxonomy":"category","embeddable":true,"href":"https:\/\/alejandrodelasota.org\/en\/wp-json\/wp\/v2\/categories?post=2635"},{"taxonomy":"post_tag","embeddable":true,"href":"https:\/\/alejandrodelasota.org\/en\/wp-json\/wp\/v2\/tags?post=2635"}],"curies":[{"name":"wp","href":"https:\/\/api.w.org\/{rel}","templated":true}]}}