{"id":2571,"date":"2016-10-05T05:12:43","date_gmt":"2016-10-05T05:12:43","guid":{"rendered":"http:\/\/www.alejandrodelasota.org\/?p=2571"},"modified":"2016-10-05T05:12:43","modified_gmt":"2016-10-05T05:12:43","slug":"iv-congreso-pioneros-de-la-arquitectura-moderna-espanola-la-arquitectura-como-obra-integral","status":"publish","type":"post","link":"https:\/\/alejandrodelasota.org\/en\/iv-congreso-pioneros-de-la-arquitectura-moderna-espanola-la-arquitectura-como-obra-integral\/","title":{"rendered":"IV CONGRESO PIONEROS DE LA ARQUITECTURA MODERNA ESPA\u00d1OLA. LA ARQUITECTURA COMO OBRA INTEGRAL"},"content":{"rendered":"<p><img loading=\"lazy\" src=\"http:\/\/www.alejandrodelasota.org\/wp-content\/uploads\/2016\/10\/Banner-IV-Congreso-8imagenes-1024x525.jpg\" alt=\"Banner IV Congreso (8imagenes)\" width=\"1024\" height=\"525\" class=\"aligncenter size-large wp-image-2573\" srcset=\"https:\/\/alejandrodelasota.org\/wp-content\/uploads\/2016\/10\/Banner-IV-Congreso-8imagenes-1024x525.jpg 1024w, https:\/\/alejandrodelasota.org\/wp-content\/uploads\/2016\/10\/Banner-IV-Congreso-8imagenes-300x153.jpg 300w, https:\/\/alejandrodelasota.org\/wp-content\/uploads\/2016\/10\/Banner-IV-Congreso-8imagenes.jpg 1843w\" sizes=\"(max-width: 1024px) 100vw, 1024px\" \/><\/p>\n<p>La Fundaci\u00f3n Alejandro de la Sota, con la colaboraci\u00f3n del Ministerio de Fomento, celebrar\u00e1 el pr\u00f3ximo mes de <b>mayo de 2017<\/b> su <strong>IV Congreso Nacional de Arquitectura, bajo el t\u00edtulo Pioneros de la arquitectura moderna espa\u00f1ola: la arquitectura como obra integral<\/strong>; un congreso dedicado al estudio de obras relevantes construidas por arquitectos espa\u00f1oles nacidos en torno a las d\u00e9cadas de 1910 y 1920.<\/p>\n<p>En la presente edici\u00f3n se pretende impulsar el an\u00e1lisis de obras desde una perspectiva global en la que la idea del proyecto y su realidad f\u00edsica abarque toda la obra en su conjunto, desde la peque\u00f1a escala \u2014como los detalles y el mobiliario\u2014 hasta la relaci\u00f3n con otros oficios y actividades art\u00edsticas, siempre con la intenci\u00f3n de construir una arquitectura entendida como una obra integral. Con este tema, el Congreso ofrece la oportunidad de poner en valor el bagaje cultural y art\u00edstico de esa generaci\u00f3n de arquitectos y permitir el descubrimiento de sus obras desde un punto de vista m\u00e1s amplio y enriquecedor.<\/p>\n<p>Este a\u00f1o hemos adelantado la fecha del lanzamiento de la convocatoria con el fin de ampliar el tiempo de elaboraci\u00f3n del art\u00edculo completo. A partir del <strong>10 de octubre<\/strong> ya se podr\u00e1 realizar la Inscripci\u00f3n al Congreso y la presentaci\u00f3n de res\u00famenes. <strong>Toda la informaci\u00f3n<\/strong> relativa al Congreso se podr\u00e1 descargar [<a href=\"http:\/\/www.alejandrodelasota.org\/wp-content\/uploads\/2016\/10\/bases-IV-Congreso-Pioneros.pdf\" target=\"_blank\">aqu\u00ed<\/a>]. Esta informaci\u00f3n se ir\u00e1 ampliando seg\u00fan se produzcan novedades.<br \/>\n<\/p>","protected":false},"excerpt":{"rendered":"<p>La Fundaci\u00f3n Alejandro de la Sota, con la colaboraci\u00f3n del Ministerio de Fomento, celebrar\u00e1 el pr\u00f3ximo mes de mayo de 2017 su IV Congreso Nacional de Arquitectura, bajo el t\u00edtulo Pioneros de la arquitectura moderna espa\u00f1ola: la arquitectura como obra integral; un congreso dedicado al estudio de obras relevantes construidas por arquitectos espa\u00f1oles nacidos en [&hellip;]<\/p>\n","protected":false},"author":1,"featured_media":2573,"comment_status":"open","ping_status":"open","sticky":false,"template":"","format":"standard","meta":[],"categories":[7],"tags":[],"_links":{"self":[{"href":"https:\/\/alejandrodelasota.org\/en\/wp-json\/wp\/v2\/posts\/2571"}],"collection":[{"href":"https:\/\/alejandrodelasota.org\/en\/wp-json\/wp\/v2\/posts"}],"about":[{"href":"https:\/\/alejandrodelasota.org\/en\/wp-json\/wp\/v2\/types\/post"}],"author":[{"embeddable":true,"href":"https:\/\/alejandrodelasota.org\/en\/wp-json\/wp\/v2\/users\/1"}],"replies":[{"embeddable":true,"href":"https:\/\/alejandrodelasota.org\/en\/wp-json\/wp\/v2\/comments?post=2571"}],"version-history":[{"count":2,"href":"https:\/\/alejandrodelasota.org\/en\/wp-json\/wp\/v2\/posts\/2571\/revisions"}],"predecessor-version":[{"id":2575,"href":"https:\/\/alejandrodelasota.org\/en\/wp-json\/wp\/v2\/posts\/2571\/revisions\/2575"}],"wp:featuredmedia":[{"embeddable":true,"href":"https:\/\/alejandrodelasota.org\/en\/wp-json\/wp\/v2\/media\/2573"}],"wp:attachment":[{"href":"https:\/\/alejandrodelasota.org\/en\/wp-json\/wp\/v2\/media?parent=2571"}],"wp:term":[{"taxonomy":"category","embeddable":true,"href":"https:\/\/alejandrodelasota.org\/en\/wp-json\/wp\/v2\/categories?post=2571"},{"taxonomy":"post_tag","embeddable":true,"href":"https:\/\/alejandrodelasota.org\/en\/wp-json\/wp\/v2\/tags?post=2571"}],"curies":[{"name":"wp","href":"https:\/\/api.w.org\/{rel}","templated":true}]}}